{"id":33988,"date":"2018-05-31T20:44:04","date_gmt":"2018-05-31T23:44:04","guid":{"rendered":"https:\/\/eldiariodesanpedro.com.ar\/sitio\/?p=33988"},"modified":"2018-05-31T20:44:04","modified_gmt":"2018-05-31T23:44:04","slug":"la-familia-de-ramiro-benitez-solicita-a-la-fiscalia-que-reabra-la-causa","status":"publish","type":"post","link":"https:\/\/eldiariodesanpedro.com.ar\/sitio\/la-familia-de-ramiro-benitez-solicita-a-la-fiscalia-que-reabra-la-causa\/","title":{"rendered":"La familia de Ramiro Ben\u00edtez solicita a la Fiscal\u00eda que reabra la causa"},"content":{"rendered":"<p><!-- VideographyWP Plugin Message: Automatic video embedding prevented by plugin options. --><br \/>\nLa familia de Ramiro Ben\u00edtez pide que se reabra la causa del joven, fallecido 12 d\u00edas despu\u00e9s de ser atropellado por un automovilista que luego del accidente huy\u00f3 del lugar. El terrible hecho ocurri\u00f3 en el 2013. El conductor est\u00e1 libre.<\/p>\n<p>  El Diario de San Pedro estuvo con el padre de Ramiro, Marcelo Ben\u00edtez y Nadia, su cu\u00f1ada.<\/p>\n<p>  El Fiscal que est\u00e1 a cargo de la causa es el Dr. Manso, a qui\u00e9n la cu\u00f1ada del fallecido joven acusa de haber recibido d\u00e1divas para cerrar la causa y permitir que quien provoc\u00f3 la muerte de Ben\u00edtez siga libre.<\/p>\n<p>  Marcelo y Nadia cuentan que ellos no fueron comunicados sobre el juicio de Ramiro, tampoco su abogado ten\u00eda conocimiento de las novedades de la causa. Al parecer todos los testimonios y pruebas recolectadas no han sido las suficientes para demostrar que a Ramiro lo atropell\u00f3 un conductor alcoholizado que huy\u00f3 del lugar y, que las heridas sufridas en ese momento provocaron su muerte d\u00edas m\u00e1s tarde. <\/p>\n<p>  \u201cQuiero que se haga justicia y se abra la causa nuevamente\u201d pidi\u00f3 su padre.<\/p>\n<p>  Ramiro ten\u00eda 18 a\u00f1os. Sali\u00f3 a divertirse con sus amigos y novia a un boliche y, al volver a dormir para poder ir trabajar al d\u00eda siguiente, en la esquina de calles Pellegrini y Caseros fue atropellado por un conductor alcoholizado, como lo demuestra el informe presentado en la causa, Marcelo Garrote result\u00f3 positivo al test de alcoholemia realizado ese d\u00eda con 1.016 gr\/l. <\/p>\n<p>  Los testigos, cuyo relato tambi\u00e9n consta en la causa -as\u00ed lo refiere Nadia- aseguraron que Ramiro cruz\u00f3 el sem\u00e1foro en verde y el auto a toda velocidad lo atropell\u00f3, siguiendo su marcha y frenando metros m\u00e1s adelante.<br \/>\n  Transe\u00fantes y el conductor de una camioneta que ven\u00eda detr\u00e1s frenaron para socorrer a Ramiro y llamar a la Polic\u00eda y ambulancia. Ellos tambi\u00e9n aportaron lo suyo a la causa. <\/p>\n<p>  \u201cCuando la Polic\u00eda lleg\u00f3 al lugar -cuenta la cu\u00f1ada de Ramiro- el conductor del veh\u00edculo que lo atropell\u00f3 sali\u00f3 corriendo, escondi\u00e9ndose en la casa de una tercera persona\u201d. All\u00ed, se resisti\u00f3 a la aprehensi\u00f3n, incluso con agresiones hacia los efectivos, pero finalmente fue aprehendido y trasladado a la Comisar\u00eda. El due\u00f1o de la casa tambi\u00e9n fue aprehendido. El conductor estaba alcoholizado, y el informe consta en la causa. A las horas, Garrote fue liberado.<\/p>\n<p>  La causa estuvo a cargo de la Dra. Ates y, luego de su destituci\u00f3n, el magistrado interviniente es el Fiscal Manso. En el juicio se resolvi\u00f3 que las pruebas presentadas no eran suficientes.<\/p>\n<p>  \u201cManso hizo todo muy callado, no tuvieron en cuenta lo dicho por Polic\u00eda, que se resisti\u00f3 a la aprehensi\u00f3n y que estaba alcoholizado, etc. Tampoco buscaron testigos. La causa finalmente se cerr\u00f3\u201d sentenci\u00f3 Nadia.<\/p>\n<p>  Ellos fueron a hablar con el Dr. Manso y, seg\u00fan nos cuentan, no habr\u00eda querido atenderlos, tampoco por tel\u00e9fono.<br \/>\n  Nadia, la cu\u00f1ada de Ramiro asegura y sostiene que al Fiscal le pagaron, \u201cSos un desgraciado\u201d dijo dirigi\u00e9ndose hacia \u00e9l y, continu\u00f3 \u201cNo me queda ninguna duda que te pusieron plata, esto no va a quedar as\u00ed\u2026 si Manso tiene que perder su cargo por el manejo que hizo, que lo pierda y se vaya; y si no, que nos reabra la causa, porque tenemos demasiadas pruebas para demostrar que lo asesinaron y que ese desgraciado tiene que pagar\u201d.<\/p>\n<p>  Para la pr\u00f3xima semana est\u00e1n organizando una marcha, entre lunes o martes. Piden la colaboraci\u00f3n de toda la poblaci\u00f3n para que los acompa\u00f1en. \u201cPor la memoria de \u00e9l, pedimos que nos acompa\u00f1en para que nos reabran la causa\u201d finalizaron.<\/p>\n","protected":false},"excerpt":{"rendered":"<p>La familia de Ramiro Ben\u00edtez pide que se reabra la causa del joven, fallecido 12 d\u00edas despu\u00e9s de ser atropellado por un automovilista que luego del accidente huy\u00f3 del lugar. El terrible hecho ocurri\u00f3 en el 2013. El conductor est\u00e1 libre. El Diario de San Pedro estuvo con el padre de Ramiro, Marcelo Ben\u00edtez y [&hellip;]<\/p>\n","protected":false},"author":4,"featured_media":33989,"comment_status":"open","ping_status":"closed","sticky":false,"template":"","format":"standard","meta":{"om_disable_all_campaigns":false,"_jetpack_memberships_contains_paid_content":false,"footnotes":""},"categories":[50,2,103],"tags":[],"class_list":["post-33988","post","type-post","status-publish","format-standard","has-post-thumbnail","hentry","category-destacadas","category-locales","category-policiales-locales"],"aioseo_notices":[],"gutentor_comment":0,"jetpack_featured_media_url":"https:\/\/eldiariodesanpedro.com.ar\/sitio\/wp-content\/uploads\/2018\/05\/La-familia-de-Ramiro-Benitez.jpg","jetpack_shortlink":"https:\/\/wp.me\/p6RhLt-8Qc","jetpack_sharing_enabled":true,"_links":{"self":[{"href":"https:\/\/eldiariodesanpedro.com.ar\/sitio\/wp-json\/wp\/v2\/posts\/33988","targetHints":{"allow":["GET"]}}],"collection":[{"href":"https:\/\/eldiariodesanpedro.com.ar\/sitio\/wp-json\/wp\/v2\/posts"}],"about":[{"href":"https:\/\/eldiariodesanpedro.com.ar\/sitio\/wp-json\/wp\/v2\/types\/post"}],"author":[{"embeddable":true,"href":"https:\/\/eldiariodesanpedro.com.ar\/sitio\/wp-json\/wp\/v2\/users\/4"}],"replies":[{"embeddable":true,"href":"https:\/\/eldiariodesanpedro.com.ar\/sitio\/wp-json\/wp\/v2\/comments?post=33988"}],"version-history":[{"count":1,"href":"https:\/\/eldiariodesanpedro.com.ar\/sitio\/wp-json\/wp\/v2\/posts\/33988\/revisions"}],"predecessor-version":[{"id":33990,"href":"https:\/\/eldiariodesanpedro.com.ar\/sitio\/wp-json\/wp\/v2\/posts\/33988\/revisions\/33990"}],"wp:featuredmedia":[{"embeddable":true,"href":"https:\/\/eldiariodesanpedro.com.ar\/sitio\/wp-json\/wp\/v2\/media\/33989"}],"wp:attachment":[{"href":"https:\/\/eldiariodesanpedro.com.ar\/sitio\/wp-json\/wp\/v2\/media?parent=33988"}],"wp:term":[{"taxonomy":"category","embeddable":true,"href":"https:\/\/eldiariodesanpedro.com.ar\/sitio\/wp-json\/wp\/v2\/categories?post=33988"},{"taxonomy":"post_tag","embeddable":true,"href":"https:\/\/eldiariodesanpedro.com.ar\/sitio\/wp-json\/wp\/v2\/tags?post=33988"}],"curies":[{"name":"wp","href":"https:\/\/api.w.org\/{rel}","templated":true}]}}