{"id":33984,"date":"2018-05-31T19:54:33","date_gmt":"2018-05-31T22:54:33","guid":{"rendered":"https:\/\/eldiariodesanpedro.com.ar\/sitio\/?p=33984"},"modified":"2018-05-31T19:54:33","modified_gmt":"2018-05-31T22:54:33","slug":"zarate-incendio-de-vivienda-en-barrio-6-de-agosto","status":"publish","type":"post","link":"https:\/\/eldiariodesanpedro.com.ar\/sitio\/zarate-incendio-de-vivienda-en-barrio-6-de-agosto\/","title":{"rendered":"Z\u00c1RATE: Incendio de vivienda en barrio 6 de Agosto"},"content":{"rendered":"<p><!-- VideographyWP Plugin Message: Automatic video embedding prevented by plugin options. --><br \/>\n  Una casa de calle 4 y Mitre, en barrio 6 de Agosto de Z\u00e1rate, result\u00f3 con p\u00e9rdidas totales luego de que ayer al mediod\u00eda se produjera un principio de incendio en su interior.<\/p>\n<p>  Una dotaci\u00f3n de Bomberos Voluntarios de Z\u00e1rate trabajaba hasta entrada la tarde de ayer realizando las tareas de enfriamiento correspondiente.<\/p>\n<p>  La familia damnificada se encuentra a salvo y no hubo heridos.<\/p>\n","protected":false},"excerpt":{"rendered":"<p>Una casa de calle 4 y Mitre, en barrio 6 de Agosto de Z\u00e1rate, result\u00f3 con p\u00e9rdidas totales luego de que ayer al mediod\u00eda se produjera un principio de incendio en su interior. Una dotaci\u00f3n de Bomberos Voluntarios de Z\u00e1rate trabajaba hasta entrada la tarde de ayer realizando las tareas de enfriamiento correspondiente. La familia [&hellip;]<\/p>\n","protected":false},"author":4,"featured_media":33986,"comment_status":"open","ping_status":"closed","sticky":false,"template":"","format":"standard","meta":{"om_disable_all_campaigns":false,"_jetpack_memberships_contains_paid_content":false,"footnotes":""},"categories":[621],"tags":[],"class_list":["post-33984","post","type-post","status-publish","format-standard","has-post-thumbnail","hentry","category-regionales"],"aioseo_notices":[],"gutentor_comment":0,"jetpack_featured_media_url":"https:\/\/eldiariodesanpedro.com.ar\/sitio\/wp-content\/uploads\/2018\/05\/Incendio-de-vivienda-en-barrio-6-de-Agosto-.jpg","jetpack_shortlink":"https:\/\/wp.me\/p6RhLt-8Q8","jetpack_sharing_enabled":true,"_links":{"self":[{"href":"https:\/\/eldiariodesanpedro.com.ar\/sitio\/wp-json\/wp\/v2\/posts\/33984","targetHints":{"allow":["GET"]}}],"collection":[{"href":"https:\/\/eldiariodesanpedro.com.ar\/sitio\/wp-json\/wp\/v2\/posts"}],"about":[{"href":"https:\/\/eldiariodesanpedro.com.ar\/sitio\/wp-json\/wp\/v2\/types\/post"}],"author":[{"embeddable":true,"href":"https:\/\/eldiariodesanpedro.com.ar\/sitio\/wp-json\/wp\/v2\/users\/4"}],"replies":[{"embeddable":true,"href":"https:\/\/eldiariodesanpedro.com.ar\/sitio\/wp-json\/wp\/v2\/comments?post=33984"}],"version-history":[{"count":1,"href":"https:\/\/eldiariodesanpedro.com.ar\/sitio\/wp-json\/wp\/v2\/posts\/33984\/revisions"}],"predecessor-version":[{"id":33987,"href":"https:\/\/eldiariodesanpedro.com.ar\/sitio\/wp-json\/wp\/v2\/posts\/33984\/revisions\/33987"}],"wp:featuredmedia":[{"embeddable":true,"href":"https:\/\/eldiariodesanpedro.com.ar\/sitio\/wp-json\/wp\/v2\/media\/33986"}],"wp:attachment":[{"href":"https:\/\/eldiariodesanpedro.com.ar\/sitio\/wp-json\/wp\/v2\/media?parent=33984"}],"wp:term":[{"taxonomy":"category","embeddable":true,"href":"https:\/\/eldiariodesanpedro.com.ar\/sitio\/wp-json\/wp\/v2\/categories?post=33984"},{"taxonomy":"post_tag","embeddable":true,"href":"https:\/\/eldiariodesanpedro.com.ar\/sitio\/wp-json\/wp\/v2\/tags?post=33984"}],"curies":[{"name":"wp","href":"https:\/\/api.w.org\/{rel}","templated":true}]}}