{"id":33982,"date":"2018-05-31T19:53:23","date_gmt":"2018-05-31T22:53:23","guid":{"rendered":"https:\/\/eldiariodesanpedro.com.ar\/sitio\/?p=33982"},"modified":"2018-05-31T19:53:23","modified_gmt":"2018-05-31T22:53:23","slug":"baradero-accidente-fatal-un-auto-choco-con-un-camion","status":"publish","type":"post","link":"https:\/\/eldiariodesanpedro.com.ar\/sitio\/baradero-accidente-fatal-un-auto-choco-con-un-camion\/","title":{"rendered":"BARADERO, Accidente fatal: Un auto choc\u00f3 con un cami\u00f3n"},"content":{"rendered":"<p><!-- VideographyWP Plugin Message: Automatic video embedding prevented by plugin options. --><br \/>\n  En la ma\u00f1ana de ayer, siendo aproximadamente las 9.00 hs, en la intersecci\u00f3n de Juan XXII y Ruta 41 se produjo un accidente. El mismo fue protagonizado entre un cami\u00f3n y un Peugeot.<\/p>\n<p>  Seg\u00fan testigos del hecho, el conductor del autom\u00f3vil, un hombre oriundo de Baradero de 60 a\u00f1os, realiz\u00f3 una maniobra para esquivar un pozo y consecuencia de ella, embisti\u00f3 a un cami\u00f3n que circulaba por la v\u00eda contraria.<br \/>\n  El conductor del autom\u00f3vil falleci\u00f3 en el acto, resultando ileso el del cami\u00f3n.<\/p>\n<p>Fuente: Baradero Te Informa <\/p>\n","protected":false},"excerpt":{"rendered":"<p>En la ma\u00f1ana de ayer, siendo aproximadamente las 9.00 hs, en la intersecci\u00f3n de Juan XXII y Ruta 41 se produjo un accidente. El mismo fue protagonizado entre un cami\u00f3n y un Peugeot. Seg\u00fan testigos del hecho, el conductor del autom\u00f3vil, un hombre oriundo de Baradero de 60 a\u00f1os, realiz\u00f3 una maniobra para esquivar un [&hellip;]<\/p>\n","protected":false},"author":4,"featured_media":33983,"comment_status":"open","ping_status":"closed","sticky":false,"template":"","format":"standard","meta":{"om_disable_all_campaigns":false,"_jetpack_memberships_contains_paid_content":false,"footnotes":""},"categories":[621],"tags":[],"class_list":["post-33982","post","type-post","status-publish","format-standard","has-post-thumbnail","hentry","category-regionales"],"aioseo_notices":[],"gutentor_comment":0,"jetpack_featured_media_url":"https:\/\/eldiariodesanpedro.com.ar\/sitio\/wp-content\/uploads\/2018\/05\/Accidente-fatal-Un-auto-choc\u00f3-con-un-cami\u00f3n.jpg","jetpack_shortlink":"https:\/\/wp.me\/p6RhLt-8Q6","jetpack_sharing_enabled":true,"_links":{"self":[{"href":"https:\/\/eldiariodesanpedro.com.ar\/sitio\/wp-json\/wp\/v2\/posts\/33982","targetHints":{"allow":["GET"]}}],"collection":[{"href":"https:\/\/eldiariodesanpedro.com.ar\/sitio\/wp-json\/wp\/v2\/posts"}],"about":[{"href":"https:\/\/eldiariodesanpedro.com.ar\/sitio\/wp-json\/wp\/v2\/types\/post"}],"author":[{"embeddable":true,"href":"https:\/\/eldiariodesanpedro.com.ar\/sitio\/wp-json\/wp\/v2\/users\/4"}],"replies":[{"embeddable":true,"href":"https:\/\/eldiariodesanpedro.com.ar\/sitio\/wp-json\/wp\/v2\/comments?post=33982"}],"version-history":[{"count":1,"href":"https:\/\/eldiariodesanpedro.com.ar\/sitio\/wp-json\/wp\/v2\/posts\/33982\/revisions"}],"predecessor-version":[{"id":33985,"href":"https:\/\/eldiariodesanpedro.com.ar\/sitio\/wp-json\/wp\/v2\/posts\/33982\/revisions\/33985"}],"wp:featuredmedia":[{"embeddable":true,"href":"https:\/\/eldiariodesanpedro.com.ar\/sitio\/wp-json\/wp\/v2\/media\/33983"}],"wp:attachment":[{"href":"https:\/\/eldiariodesanpedro.com.ar\/sitio\/wp-json\/wp\/v2\/media?parent=33982"}],"wp:term":[{"taxonomy":"category","embeddable":true,"href":"https:\/\/eldiariodesanpedro.com.ar\/sitio\/wp-json\/wp\/v2\/categories?post=33982"},{"taxonomy":"post_tag","embeddable":true,"href":"https:\/\/eldiariodesanpedro.com.ar\/sitio\/wp-json\/wp\/v2\/tags?post=33982"}],"curies":[{"name":"wp","href":"https:\/\/api.w.org\/{rel}","templated":true}]}}