{"id":33979,"date":"2018-05-31T19:46:54","date_gmt":"2018-05-31T22:46:54","guid":{"rendered":"https:\/\/eldiariodesanpedro.com.ar\/sitio\/?p=33979"},"modified":"2018-05-31T19:46:54","modified_gmt":"2018-05-31T22:46:54","slug":"campana-elecciones-en-el-colegio-de-abogados-zarate-campana-triunfo-de-la-lista-14","status":"publish","type":"post","link":"https:\/\/eldiariodesanpedro.com.ar\/sitio\/campana-elecciones-en-el-colegio-de-abogados-zarate-campana-triunfo-de-la-lista-14\/","title":{"rendered":"CAMPANA: Elecciones en el Colegio de Abogados Z\u00e1rate \u2013 Campana: triunfo de la Lista 14"},"content":{"rendered":"<p><!-- VideographyWP Plugin Message: Automatic video embedding prevented by plugin options. --><br \/>\nPor cuarta vez consecutiva la lista 14 \u201cParticipaci\u00f3n para un Colegio abierto\u201d alcanz\u00f3 el primer lugar en las elecciones para renovar parcialmente el Consejo Directivo y Tribunal de Disciplina.<\/p>\n<p>  El Presidente, Dr. Marcelo Fioranelli, quien conduce la gesti\u00f3n de la lista ganadora, celebr\u00f3 el gran nivel de participaci\u00f3n en las urnas. La propuesta oficialista se impuso sobre la Lista 5177 \u201cEl sentir del Abogado\u201d, manteniendo as\u00ed la mayor\u00eda.<br \/>\n  De esta manera los nuevos integrantes del Consejo Directivo son:<\/p>\n<p>\u2013 Dr. Juan Pablo Ytalia<br \/>\n\u2013 Dra. Rosana Estela Abonjo<br \/>\n\u2013 Dr. Mart\u00edn Caballero<br \/>\n\u2013 Dra. Marta Susana Spinelli<br \/>\n\u2013 Dr. Fernando Andr\u00e9s Pagliari<br \/>\n\u2013 Dra. Mar\u00eda Eugenia Platania<\/p>\n<p>  En tanto, ingresar\u00e1n al Tribunal de Disciplina:<br \/>\n\u2013 Dr. Alejandro Hillkirk<br \/>\n\u2013 Dra. Claudia Cristina Sim\u00f3n<\/p>\n","protected":false},"excerpt":{"rendered":"<p>Por cuarta vez consecutiva la lista 14 \u201cParticipaci\u00f3n para un Colegio abierto\u201d alcanz\u00f3 el primer lugar en las elecciones para renovar parcialmente el Consejo Directivo y Tribunal de Disciplina. El Presidente, Dr. Marcelo Fioranelli, quien conduce la gesti\u00f3n de la lista ganadora, celebr\u00f3 el gran nivel de participaci\u00f3n en las urnas. La propuesta oficialista se [&hellip;]<\/p>\n","protected":false},"author":4,"featured_media":33980,"comment_status":"open","ping_status":"closed","sticky":false,"template":"","format":"standard","meta":{"om_disable_all_campaigns":false,"_jetpack_memberships_contains_paid_content":false,"footnotes":""},"categories":[621],"tags":[],"class_list":["post-33979","post","type-post","status-publish","format-standard","has-post-thumbnail","hentry","category-regionales"],"aioseo_notices":[],"gutentor_comment":0,"jetpack_featured_media_url":"https:\/\/eldiariodesanpedro.com.ar\/sitio\/wp-content\/uploads\/2018\/05\/colegio-abogados-zarate-lista-14.jpg","jetpack_shortlink":"https:\/\/wp.me\/p6RhLt-8Q3","jetpack_sharing_enabled":true,"_links":{"self":[{"href":"https:\/\/eldiariodesanpedro.com.ar\/sitio\/wp-json\/wp\/v2\/posts\/33979","targetHints":{"allow":["GET"]}}],"collection":[{"href":"https:\/\/eldiariodesanpedro.com.ar\/sitio\/wp-json\/wp\/v2\/posts"}],"about":[{"href":"https:\/\/eldiariodesanpedro.com.ar\/sitio\/wp-json\/wp\/v2\/types\/post"}],"author":[{"embeddable":true,"href":"https:\/\/eldiariodesanpedro.com.ar\/sitio\/wp-json\/wp\/v2\/users\/4"}],"replies":[{"embeddable":true,"href":"https:\/\/eldiariodesanpedro.com.ar\/sitio\/wp-json\/wp\/v2\/comments?post=33979"}],"version-history":[{"count":1,"href":"https:\/\/eldiariodesanpedro.com.ar\/sitio\/wp-json\/wp\/v2\/posts\/33979\/revisions"}],"predecessor-version":[{"id":33981,"href":"https:\/\/eldiariodesanpedro.com.ar\/sitio\/wp-json\/wp\/v2\/posts\/33979\/revisions\/33981"}],"wp:featuredmedia":[{"embeddable":true,"href":"https:\/\/eldiariodesanpedro.com.ar\/sitio\/wp-json\/wp\/v2\/media\/33980"}],"wp:attachment":[{"href":"https:\/\/eldiariodesanpedro.com.ar\/sitio\/wp-json\/wp\/v2\/media?parent=33979"}],"wp:term":[{"taxonomy":"category","embeddable":true,"href":"https:\/\/eldiariodesanpedro.com.ar\/sitio\/wp-json\/wp\/v2\/categories?post=33979"},{"taxonomy":"post_tag","embeddable":true,"href":"https:\/\/eldiariodesanpedro.com.ar\/sitio\/wp-json\/wp\/v2\/tags?post=33979"}],"curies":[{"name":"wp","href":"https:\/\/api.w.org\/{rel}","templated":true}]}}