{"id":33975,"date":"2018-05-31T19:44:02","date_gmt":"2018-05-31T22:44:02","guid":{"rendered":"https:\/\/eldiariodesanpedro.com.ar\/sitio\/?p=33975"},"modified":"2018-05-31T19:44:02","modified_gmt":"2018-05-31T22:44:02","slug":"arrecifes-comenzo-la-instalacion-de-una-planta-municipal-de-hormigon-elaborado","status":"publish","type":"post","link":"https:\/\/eldiariodesanpedro.com.ar\/sitio\/arrecifes-comenzo-la-instalacion-de-una-planta-municipal-de-hormigon-elaborado\/","title":{"rendered":"ARRECIFES: Comenz\u00f3 la instalaci\u00f3n de una planta municipal de hormig\u00f3n elaborado"},"content":{"rendered":"<p><!-- VideographyWP Plugin Message: Automatic video embedding prevented by plugin options. --><br \/>\nResultante de un proyecto del intendente Javier Olaeta, avanza el montaje de una planta municipal de hormig\u00f3n elaborado en el Parque Industrial.<\/p>\n<p>  La misma se dedicar\u00e1 a la fabricaci\u00f3n de premoldeados tales como losetas, bancos de plazas, alcantarillas, cordones cunetas, entre otros. Esto generar\u00e1 un doble beneficio: mano de obra para una decena de personas y menor costo para el Municipio por contar con producci\u00f3n propia.<\/p>\n<p>  La planta operar\u00e1 en un galp\u00f3n que se encontraba abandonado en el Basural Municipal y que fuera reciclado e instalado en el Parque Industrial. En tanto, todas las maquinarias para su funcionamiento (cintas, mezcladoras, dosificadoras) fueron adquiridas con el aporte econ\u00f3mico del Ministerio del Interior de la Naci\u00f3n, a trav\u00e9s de la Secretar\u00eda de Asuntos Municipales a cargo de Lucas Delfino, gestionados por la Direcci\u00f3n de Producci\u00f3n y Empleo local, comandada por Jorge Filighera.<\/p>\n","protected":false},"excerpt":{"rendered":"<p>Resultante de un proyecto del intendente Javier Olaeta, avanza el montaje de una planta municipal de hormig\u00f3n elaborado en el Parque Industrial. La misma se dedicar\u00e1 a la fabricaci\u00f3n de premoldeados tales como losetas, bancos de plazas, alcantarillas, cordones cunetas, entre otros. Esto generar\u00e1 un doble beneficio: mano de obra para una decena de personas [&hellip;]<\/p>\n","protected":false},"author":4,"featured_media":33977,"comment_status":"open","ping_status":"closed","sticky":false,"template":"","format":"standard","meta":{"om_disable_all_campaigns":false,"_jetpack_memberships_contains_paid_content":false,"footnotes":""},"categories":[621],"tags":[],"class_list":["post-33975","post","type-post","status-publish","format-standard","has-post-thumbnail","hentry","category-regionales"],"aioseo_notices":[],"gutentor_comment":0,"jetpack_featured_media_url":"https:\/\/eldiariodesanpedro.com.ar\/sitio\/wp-content\/uploads\/2018\/05\/Planta-hormigon-elaborado-arrecifes.jpg","jetpack_shortlink":"https:\/\/wp.me\/p6RhLt-8PZ","jetpack_sharing_enabled":true,"_links":{"self":[{"href":"https:\/\/eldiariodesanpedro.com.ar\/sitio\/wp-json\/wp\/v2\/posts\/33975","targetHints":{"allow":["GET"]}}],"collection":[{"href":"https:\/\/eldiariodesanpedro.com.ar\/sitio\/wp-json\/wp\/v2\/posts"}],"about":[{"href":"https:\/\/eldiariodesanpedro.com.ar\/sitio\/wp-json\/wp\/v2\/types\/post"}],"author":[{"embeddable":true,"href":"https:\/\/eldiariodesanpedro.com.ar\/sitio\/wp-json\/wp\/v2\/users\/4"}],"replies":[{"embeddable":true,"href":"https:\/\/eldiariodesanpedro.com.ar\/sitio\/wp-json\/wp\/v2\/comments?post=33975"}],"version-history":[{"count":1,"href":"https:\/\/eldiariodesanpedro.com.ar\/sitio\/wp-json\/wp\/v2\/posts\/33975\/revisions"}],"predecessor-version":[{"id":33978,"href":"https:\/\/eldiariodesanpedro.com.ar\/sitio\/wp-json\/wp\/v2\/posts\/33975\/revisions\/33978"}],"wp:featuredmedia":[{"embeddable":true,"href":"https:\/\/eldiariodesanpedro.com.ar\/sitio\/wp-json\/wp\/v2\/media\/33977"}],"wp:attachment":[{"href":"https:\/\/eldiariodesanpedro.com.ar\/sitio\/wp-json\/wp\/v2\/media?parent=33975"}],"wp:term":[{"taxonomy":"category","embeddable":true,"href":"https:\/\/eldiariodesanpedro.com.ar\/sitio\/wp-json\/wp\/v2\/categories?post=33975"},{"taxonomy":"post_tag","embeddable":true,"href":"https:\/\/eldiariodesanpedro.com.ar\/sitio\/wp-json\/wp\/v2\/tags?post=33975"}],"curies":[{"name":"wp","href":"https:\/\/api.w.org\/{rel}","templated":true}]}}