{"id":33972,"date":"2018-05-31T19:42:44","date_gmt":"2018-05-31T22:42:44","guid":{"rendered":"https:\/\/eldiariodesanpedro.com.ar\/sitio\/?p=33972"},"modified":"2018-05-31T19:42:44","modified_gmt":"2018-05-31T22:42:44","slug":"san-nicolas-se-puso-en-marcha-el-programa-conozca-a-su-comisario","status":"publish","type":"post","link":"https:\/\/eldiariodesanpedro.com.ar\/sitio\/san-nicolas-se-puso-en-marcha-el-programa-conozca-a-su-comisario\/","title":{"rendered":"SAN NICOL\u00c1S: Se puso en marcha el programa \u00abConozca a su Comisario\u00bb"},"content":{"rendered":"<p><!-- VideographyWP Plugin Message: Automatic video embedding prevented by plugin options. --><br \/>\nEn el marco del programa dispuesto por el Ministerio de Seguridad provincial se realiz\u00f3 una caminata y charla con vecinos de Barrio Del Carmen. Participaron el Comisario Gabriel Cabral junto al Subcomisario Germ\u00e1n Storch.<\/p>\n<p>  D\u00edas atr\u00e1s la comisi\u00f3n vecinal hab\u00eda organizado una reuni\u00f3n en la que participaron el Jefe del CPC y Comisar\u00edas Comisario Inspector Gabriel Cabral junto al subcomisario Germ\u00e1n Storch titular de la Comisar\u00eda Primera, dependencia policial con jurisdicci\u00f3n sobre el barrio.<\/p>\n<p>  En el encuentro los vecinos plantearon la problem\u00e1tica en relaci\u00f3n a la seguridad que la zona viene sufriendo desde hace tiempo. En funci\u00f3n de lo manifestado por los ciudadanos, se implementaron servicios policiales de refuerzo con m\u00f3viles identificables. En horario diurno con agentes de Polic\u00eda Local y en horario nocturno con personal del Comando de Patrullas y Comisar\u00eda Primera.<\/p>\n<p>  Este martes, miembros de la comisi\u00f3n vecinal junto a Cabral y Storch, recorrieron calle Roca, Alvear, Montevideo y Paran\u00e1 dialogando con comerciantes y vecinos para constatar si la presencia policial fue m\u00e1s notoria en los \u00faltimos d\u00edas y evaluar los resultados.<\/p>\n<p>  Las respuestas coincidieron en que se intensificaron los patrullajes y adem\u00e1s plantearon la necesidad de organizarse para adquirir alarmas comunitarias con el fin de ayudar a la prevenci\u00f3n del delito.<\/p>\n","protected":false},"excerpt":{"rendered":"<p>En el marco del programa dispuesto por el Ministerio de Seguridad provincial se realiz\u00f3 una caminata y charla con vecinos de Barrio Del Carmen. Participaron el Comisario Gabriel Cabral junto al Subcomisario Germ\u00e1n Storch. D\u00edas atr\u00e1s la comisi\u00f3n vecinal hab\u00eda organizado una reuni\u00f3n en la que participaron el Jefe del CPC y Comisar\u00edas Comisario Inspector [&hellip;]<\/p>\n","protected":false},"author":4,"featured_media":33974,"comment_status":"open","ping_status":"closed","sticky":false,"template":"","format":"standard","meta":{"om_disable_all_campaigns":false,"_jetpack_memberships_contains_paid_content":false,"footnotes":""},"categories":[621],"tags":[],"class_list":["post-33972","post","type-post","status-publish","format-standard","has-post-thumbnail","hentry","category-regionales"],"aioseo_notices":[],"gutentor_comment":0,"jetpack_featured_media_url":"https:\/\/eldiariodesanpedro.com.ar\/sitio\/wp-content\/uploads\/2018\/05\/san-nicolas-programa-Conozca-a-su-Comisario.jpg","jetpack_shortlink":"https:\/\/wp.me\/p6RhLt-8PW","jetpack_sharing_enabled":true,"_links":{"self":[{"href":"https:\/\/eldiariodesanpedro.com.ar\/sitio\/wp-json\/wp\/v2\/posts\/33972","targetHints":{"allow":["GET"]}}],"collection":[{"href":"https:\/\/eldiariodesanpedro.com.ar\/sitio\/wp-json\/wp\/v2\/posts"}],"about":[{"href":"https:\/\/eldiariodesanpedro.com.ar\/sitio\/wp-json\/wp\/v2\/types\/post"}],"author":[{"embeddable":true,"href":"https:\/\/eldiariodesanpedro.com.ar\/sitio\/wp-json\/wp\/v2\/users\/4"}],"replies":[{"embeddable":true,"href":"https:\/\/eldiariodesanpedro.com.ar\/sitio\/wp-json\/wp\/v2\/comments?post=33972"}],"version-history":[{"count":1,"href":"https:\/\/eldiariodesanpedro.com.ar\/sitio\/wp-json\/wp\/v2\/posts\/33972\/revisions"}],"predecessor-version":[{"id":33976,"href":"https:\/\/eldiariodesanpedro.com.ar\/sitio\/wp-json\/wp\/v2\/posts\/33972\/revisions\/33976"}],"wp:featuredmedia":[{"embeddable":true,"href":"https:\/\/eldiariodesanpedro.com.ar\/sitio\/wp-json\/wp\/v2\/media\/33974"}],"wp:attachment":[{"href":"https:\/\/eldiariodesanpedro.com.ar\/sitio\/wp-json\/wp\/v2\/media?parent=33972"}],"wp:term":[{"taxonomy":"category","embeddable":true,"href":"https:\/\/eldiariodesanpedro.com.ar\/sitio\/wp-json\/wp\/v2\/categories?post=33972"},{"taxonomy":"post_tag","embeddable":true,"href":"https:\/\/eldiariodesanpedro.com.ar\/sitio\/wp-json\/wp\/v2\/tags?post=33972"}],"curies":[{"name":"wp","href":"https:\/\/api.w.org\/{rel}","templated":true}]}}