{"id":33970,"date":"2018-05-31T19:41:19","date_gmt":"2018-05-31T22:41:19","guid":{"rendered":"https:\/\/eldiariodesanpedro.com.ar\/sitio\/?p=33970"},"modified":"2018-05-31T19:41:19","modified_gmt":"2018-05-31T22:41:19","slug":"ramallo-por-primera-vez-los-trabajadores-municipales-y-hospitalarios-recibieron-el-aguinaldo-por-adelantado","status":"publish","type":"post","link":"https:\/\/eldiariodesanpedro.com.ar\/sitio\/ramallo-por-primera-vez-los-trabajadores-municipales-y-hospitalarios-recibieron-el-aguinaldo-por-adelantado\/","title":{"rendered":"RAMALLO: Por primera vez los trabajadores municipales y hospitalarios recibieron el aguinaldo por adelantado"},"content":{"rendered":"<p><!-- VideographyWP Plugin Message: Automatic video embedding prevented by plugin options. --><br \/>\nLos empleados municipales y del Hospital recibir\u00e1n por adelantado el medio aguinaldo. \u201cPor primera vez en el Municipio se va a pagar a principios de junio aguinaldo y sueldo, vamos a depositar el dinero el lunes 4\u201d, destac\u00f3 el Intendente Mauro David Poletti y continu\u00f3: \u201cqueremos brindar con esto la posibilidad que nuestros empleados puedan adquirir bienes primarios y de esta manera ir gan\u00e1ndole a la inflaci\u00f3n, este es el objetivo que estamos persiguiendo ante esta medida\u201d.<\/p>\n<p>  Desde el Ejecutivo adelantaron que tienen previsto abrir paritarias. \u201cAs\u00ed lo hemos acordado a principio de a\u00f1o en la mesa donde recibimos a todos los representantes sindicales de los empleados municipales. Si ustedes recuerdan el Municipio de Ramallo fue uno de los primeros en cerrar una paritaria por encima del 15% que pretend\u00eda la Provincia de Buenos Aires, acordamos un 20,5%.\u201d, record\u00f3 Poletti y culmin\u00f3: \u201csomos conscientes de la situaci\u00f3n que estamos viviendo y queremos cerrar con un \u00edndice de aumento de sueldos m\u00e1s cercano a la realidad inflacionaria\u201d.<\/p>\n","protected":false},"excerpt":{"rendered":"<p>Los empleados municipales y del Hospital recibir\u00e1n por adelantado el medio aguinaldo. \u201cPor primera vez en el Municipio se va a pagar a principios de junio aguinaldo y sueldo, vamos a depositar el dinero el lunes 4\u201d, destac\u00f3 el Intendente Mauro David Poletti y continu\u00f3: \u201cqueremos brindar con esto la posibilidad que nuestros empleados puedan [&hellip;]<\/p>\n","protected":false},"author":4,"featured_media":33971,"comment_status":"open","ping_status":"closed","sticky":false,"template":"","format":"standard","meta":{"om_disable_all_campaigns":false,"_jetpack_memberships_contains_paid_content":false,"footnotes":""},"categories":[621],"tags":[],"class_list":["post-33970","post","type-post","status-publish","format-standard","has-post-thumbnail","hentry","category-regionales"],"aioseo_notices":[],"gutentor_comment":0,"jetpack_featured_media_url":"https:\/\/eldiariodesanpedro.com.ar\/sitio\/wp-content\/uploads\/2018\/05\/ramallo-conferencia-municipalidad.jpg","jetpack_shortlink":"https:\/\/wp.me\/p6RhLt-8PU","jetpack_sharing_enabled":true,"_links":{"self":[{"href":"https:\/\/eldiariodesanpedro.com.ar\/sitio\/wp-json\/wp\/v2\/posts\/33970","targetHints":{"allow":["GET"]}}],"collection":[{"href":"https:\/\/eldiariodesanpedro.com.ar\/sitio\/wp-json\/wp\/v2\/posts"}],"about":[{"href":"https:\/\/eldiariodesanpedro.com.ar\/sitio\/wp-json\/wp\/v2\/types\/post"}],"author":[{"embeddable":true,"href":"https:\/\/eldiariodesanpedro.com.ar\/sitio\/wp-json\/wp\/v2\/users\/4"}],"replies":[{"embeddable":true,"href":"https:\/\/eldiariodesanpedro.com.ar\/sitio\/wp-json\/wp\/v2\/comments?post=33970"}],"version-history":[{"count":1,"href":"https:\/\/eldiariodesanpedro.com.ar\/sitio\/wp-json\/wp\/v2\/posts\/33970\/revisions"}],"predecessor-version":[{"id":33973,"href":"https:\/\/eldiariodesanpedro.com.ar\/sitio\/wp-json\/wp\/v2\/posts\/33970\/revisions\/33973"}],"wp:featuredmedia":[{"embeddable":true,"href":"https:\/\/eldiariodesanpedro.com.ar\/sitio\/wp-json\/wp\/v2\/media\/33971"}],"wp:attachment":[{"href":"https:\/\/eldiariodesanpedro.com.ar\/sitio\/wp-json\/wp\/v2\/media?parent=33970"}],"wp:term":[{"taxonomy":"category","embeddable":true,"href":"https:\/\/eldiariodesanpedro.com.ar\/sitio\/wp-json\/wp\/v2\/categories?post=33970"},{"taxonomy":"post_tag","embeddable":true,"href":"https:\/\/eldiariodesanpedro.com.ar\/sitio\/wp-json\/wp\/v2\/tags?post=33970"}],"curies":[{"name":"wp","href":"https:\/\/api.w.org\/{rel}","templated":true}]}}