{"id":3397,"date":"2016-04-19T19:01:07","date_gmt":"2016-04-19T22:01:07","guid":{"rendered":"https:\/\/eldiariodesanpedro.com.ar\/sitio\/?p=3397"},"modified":"2016-04-19T19:01:07","modified_gmt":"2016-04-19T22:01:07","slug":"continua-el-operativo-de-documentacion","status":"publish","type":"post","link":"https:\/\/eldiariodesanpedro.com.ar\/sitio\/continua-el-operativo-de-documentacion\/","title":{"rendered":"Contin\u00faa el Operativo de Documentaci\u00f3n"},"content":{"rendered":"<p><!-- VideographyWP Plugin Message: Automatic video embedding prevented by plugin options. --><br \/>\nHoy, como consecuencia de las inclemencias del tiempo, pocas personas se acercaron a realizar el tr\u00e1mite. Sin embargo, hasta el viernes\u00a0se encontrar\u00e1n en nuestra ciudad los m\u00f3viles del Registro Nacional de las Personas, donde se efectuar\u00e1 el operativo de documentaci\u00f3n.<br \/>\nEl mismo se realizar\u00e1 en la sede del Centro de Monitoreo, ubicado en calle Mitre 1995.<br \/>\nEl horario de atenci\u00f3n ser\u00e1 de 9.00 a 18.00. Se atender\u00e1 por orden de llegada y se efectuar\u00e1n 120 tr\u00e1mites por d\u00eda.<br \/>\nA su vez, se comunica que tendr\u00e1n prioridad para la concreci\u00f3n de los tr\u00e1mites adultos mayores, personas con capacidades diferentes y embarazadas.<\/p>\n","protected":false},"excerpt":{"rendered":"<p>Hoy, como consecuencia de las inclemencias del tiempo, pocas personas se acercaron a realizar el tr\u00e1mite. Sin embargo, hasta el viernes\u00a0se encontrar\u00e1n en nuestra ciudad los m\u00f3viles del Registro Nacional de las Personas, donde se efectuar\u00e1 el operativo de documentaci\u00f3n. El mismo se realizar\u00e1 en la sede del Centro de Monitoreo, ubicado en calle Mitre [&hellip;]<\/p>\n","protected":false},"author":4,"featured_media":3398,"comment_status":"open","ping_status":"closed","sticky":false,"template":"","format":"standard","meta":{"om_disable_all_campaigns":false,"_jetpack_memberships_contains_paid_content":false,"footnotes":""},"categories":[101,2],"tags":[591,593,592],"class_list":["post-3397","post","type-post","status-publish","format-standard","has-post-thumbnail","hentry","category-interes-general-locales","category-locales","tag-continua","tag-documentacion","tag-operativo"],"aioseo_notices":[],"gutentor_comment":0,"jetpack_featured_media_url":"https:\/\/eldiariodesanpedro.com.ar\/sitio\/wp-content\/uploads\/2016\/04\/PAGINA-4-02-1.jpg","jetpack_shortlink":"https:\/\/wp.me\/p6RhLt-SN","jetpack_sharing_enabled":true,"_links":{"self":[{"href":"https:\/\/eldiariodesanpedro.com.ar\/sitio\/wp-json\/wp\/v2\/posts\/3397","targetHints":{"allow":["GET"]}}],"collection":[{"href":"https:\/\/eldiariodesanpedro.com.ar\/sitio\/wp-json\/wp\/v2\/posts"}],"about":[{"href":"https:\/\/eldiariodesanpedro.com.ar\/sitio\/wp-json\/wp\/v2\/types\/post"}],"author":[{"embeddable":true,"href":"https:\/\/eldiariodesanpedro.com.ar\/sitio\/wp-json\/wp\/v2\/users\/4"}],"replies":[{"embeddable":true,"href":"https:\/\/eldiariodesanpedro.com.ar\/sitio\/wp-json\/wp\/v2\/comments?post=3397"}],"version-history":[{"count":1,"href":"https:\/\/eldiariodesanpedro.com.ar\/sitio\/wp-json\/wp\/v2\/posts\/3397\/revisions"}],"predecessor-version":[{"id":3399,"href":"https:\/\/eldiariodesanpedro.com.ar\/sitio\/wp-json\/wp\/v2\/posts\/3397\/revisions\/3399"}],"wp:featuredmedia":[{"embeddable":true,"href":"https:\/\/eldiariodesanpedro.com.ar\/sitio\/wp-json\/wp\/v2\/media\/3398"}],"wp:attachment":[{"href":"https:\/\/eldiariodesanpedro.com.ar\/sitio\/wp-json\/wp\/v2\/media?parent=3397"}],"wp:term":[{"taxonomy":"category","embeddable":true,"href":"https:\/\/eldiariodesanpedro.com.ar\/sitio\/wp-json\/wp\/v2\/categories?post=3397"},{"taxonomy":"post_tag","embeddable":true,"href":"https:\/\/eldiariodesanpedro.com.ar\/sitio\/wp-json\/wp\/v2\/tags?post=3397"}],"curies":[{"name":"wp","href":"https:\/\/api.w.org\/{rel}","templated":true}]}}