{"id":33962,"date":"2018-05-31T12:28:09","date_gmt":"2018-05-31T15:28:09","guid":{"rendered":"https:\/\/eldiariodesanpedro.com.ar\/sitio\/?p=33962"},"modified":"2018-05-31T12:28:09","modified_gmt":"2018-05-31T15:28:09","slug":"gran-concurrencia-e-interes-por-la-capacitacion-en-ventas-realizada","status":"publish","type":"post","link":"https:\/\/eldiariodesanpedro.com.ar\/sitio\/gran-concurrencia-e-interes-por-la-capacitacion-en-ventas-realizada\/","title":{"rendered":"Gran concurrencia e inter\u00e9s por la capacitaci\u00f3n en ventas realizada"},"content":{"rendered":"<p><!-- VideographyWP Plugin Message: Automatic video embedding prevented by plugin options. --><br \/>\nLa noche del 30 de mayo atrajo a numerosos participantes para la jornada organizada conjuntamente por el Centro de Comercio, Industria y turismo de San Pedro y la C\u00e1mara Argentina de Comercio. El encuentro destinado a quienes entienden la necesidad de incorporar t\u00e9cnicas de ventas en su desarrollo profesional tuvo el foco en la venta y estuvo a  cargo de la Licenciada Ver\u00f3nica Bou\u00e9, Coach Certificada de la Escuela Latinoamericana de Coaching.<\/p>\n<p>Desde su comienzo el encuentro se propuso como un espacio de trabajo en taller y puesta en situaci\u00f3n, a fin de que los participantes pudieran reflexionar sobre las caracter\u00edsticas propias de las t\u00e9cnicas e imaginar alternativas que aporten a su labor cotidiana como vendedores. Boue explic\u00f3 que es preciso entender las demandas que se presentan en los intercambios comerciales tienen su origen en la naturaleza del hombre y acompa\u00f1\u00f3 a los participantes a identificar esas  oportunidades y detectar las demandas simb\u00f3licas, a fin de mejorar las habilidades propias de un profesional de ventas. El encuentro trabaj\u00f3 con tres ejes: identificaci\u00f3n de oportunidades de ventas en la demanda simb\u00f3lica, reconocimiento de  la necesidad de argumentar eficazmente sobre el objeto ausente y de utilizar herramientas que permitan prever y superar objeciones, as\u00ed como cierre de  ventas y realizaci\u00f3n de tareas de seguimiento y recreaci\u00f3n de clientes. <\/p>\n<p>Entre los participantes hubo responsables de ventas de comercios locales, as\u00ed como j\u00f3venes que quieren incorporar herramientas para su charla actual, ratificando la importancia que otorgan estas oportunidades brindadas por el Centro para la comunidad local, y especialmente sus asociados.<\/p>\n","protected":false},"excerpt":{"rendered":"<p>La noche del 30 de mayo atrajo a numerosos participantes para la jornada organizada conjuntamente por el Centro de Comercio, Industria y turismo de San Pedro y la C\u00e1mara Argentina de Comercio. El encuentro destinado a quienes entienden la necesidad de incorporar t\u00e9cnicas de ventas en su desarrollo profesional tuvo el foco en la venta [&hellip;]<\/p>\n","protected":false},"author":4,"featured_media":33963,"comment_status":"open","ping_status":"closed","sticky":false,"template":"","format":"standard","meta":{"om_disable_all_campaigns":false,"_jetpack_memberships_contains_paid_content":false,"footnotes":""},"categories":[101,2],"tags":[],"class_list":["post-33962","post","type-post","status-publish","format-standard","has-post-thumbnail","hentry","category-interes-general-locales","category-locales"],"aioseo_notices":[],"gutentor_comment":0,"jetpack_featured_media_url":"https:\/\/eldiariodesanpedro.com.ar\/sitio\/wp-content\/uploads\/2018\/05\/20180530_201913.jpg","jetpack_shortlink":"https:\/\/wp.me\/p6RhLt-8PM","jetpack_sharing_enabled":true,"_links":{"self":[{"href":"https:\/\/eldiariodesanpedro.com.ar\/sitio\/wp-json\/wp\/v2\/posts\/33962","targetHints":{"allow":["GET"]}}],"collection":[{"href":"https:\/\/eldiariodesanpedro.com.ar\/sitio\/wp-json\/wp\/v2\/posts"}],"about":[{"href":"https:\/\/eldiariodesanpedro.com.ar\/sitio\/wp-json\/wp\/v2\/types\/post"}],"author":[{"embeddable":true,"href":"https:\/\/eldiariodesanpedro.com.ar\/sitio\/wp-json\/wp\/v2\/users\/4"}],"replies":[{"embeddable":true,"href":"https:\/\/eldiariodesanpedro.com.ar\/sitio\/wp-json\/wp\/v2\/comments?post=33962"}],"version-history":[{"count":1,"href":"https:\/\/eldiariodesanpedro.com.ar\/sitio\/wp-json\/wp\/v2\/posts\/33962\/revisions"}],"predecessor-version":[{"id":33964,"href":"https:\/\/eldiariodesanpedro.com.ar\/sitio\/wp-json\/wp\/v2\/posts\/33962\/revisions\/33964"}],"wp:featuredmedia":[{"embeddable":true,"href":"https:\/\/eldiariodesanpedro.com.ar\/sitio\/wp-json\/wp\/v2\/media\/33963"}],"wp:attachment":[{"href":"https:\/\/eldiariodesanpedro.com.ar\/sitio\/wp-json\/wp\/v2\/media?parent=33962"}],"wp:term":[{"taxonomy":"category","embeddable":true,"href":"https:\/\/eldiariodesanpedro.com.ar\/sitio\/wp-json\/wp\/v2\/categories?post=33962"},{"taxonomy":"post_tag","embeddable":true,"href":"https:\/\/eldiariodesanpedro.com.ar\/sitio\/wp-json\/wp\/v2\/tags?post=33962"}],"curies":[{"name":"wp","href":"https:\/\/api.w.org\/{rel}","templated":true}]}}