{"id":33960,"date":"2018-05-31T10:46:53","date_gmt":"2018-05-31T13:46:53","guid":{"rendered":"https:\/\/eldiariodesanpedro.com.ar\/sitio\/?p=33960"},"modified":"2018-05-31T10:46:53","modified_gmt":"2018-05-31T13:46:53","slug":"una-adolescente-se-fugo-de-su-hogar-y-fue-encontrada-por-la-policia","status":"publish","type":"post","link":"https:\/\/eldiariodesanpedro.com.ar\/sitio\/una-adolescente-se-fugo-de-su-hogar-y-fue-encontrada-por-la-policia\/","title":{"rendered":"Una adolescente se fug\u00f3 de su hogar y fue encontrada por la polic\u00eda"},"content":{"rendered":"<p><!-- VideographyWP Plugin Message: Automatic video embedding prevented by plugin options. --><br \/>\nUna adolecente de 15 a\u00f1os se dio a la fuga de su hogar y fue encontrada por la polic\u00eda horas m\u00e1s tardes. La menor se hab\u00eda llevado un bolso con prendas de vestir, su tel\u00e9fono celular y su perra llamada UMA.<\/p>\n<p>El d\u00eda mi\u00e9rcoles se presenta en la comisar\u00eda local una mujer denunciando que su hija de 15 a\u00f1os se hab\u00eda retirado de su vivienda ubicada en Gomendio al 2400, entre las 8:30 y 12:30 hs de la ma\u00f1ana, d\u00e1ndose a la fuga con un bolso con prendas de vestir, su tel\u00e9fono celular y una perra de color negra de tama\u00f1o mediano que responde al nombre UMA. Tras iniciar en esos momentos la investigaci\u00f3n se conoce tras testimonios de amigos que la menor hab\u00eda sido alojada por un tiempo en casa de otro conocido en barrio Villa Igoiyo y luego y\u00e9ndose hacia otro lugar.<\/p>\n<p>Luego de amplia b\u00fasqueda del personal de los efectivos pertenecientes a la dependencia local, alrededor de las 01:30 hs fue hallada caminando por en la v\u00eda p\u00fablica en calle Riobamba al 1300, en momentos en que se dirig\u00eda a casa de otros amigos.<\/p>\n<p>La adolescente fue trasladada desde el lugar hasta la sede del Hospital Subzonal San Pedro a los fines de que sea examinada por m\u00e9dico de guardia y  que en cuanto a su estado de salud se hab\u00eda determinado que no pose\u00eda lesiones.<\/p>\n<p>La joven fue trasladada a la comisaria local donde fue restituida a sus progenitores.<\/p>\n","protected":false},"excerpt":{"rendered":"<p>Una adolecente de 15 a\u00f1os se dio a la fuga de su hogar y fue encontrada por la polic\u00eda horas m\u00e1s tardes. La menor se hab\u00eda llevado un bolso con prendas de vestir, su tel\u00e9fono celular y su perra llamada UMA. El d\u00eda mi\u00e9rcoles se presenta en la comisar\u00eda local una mujer denunciando que su [&hellip;]<\/p>\n","protected":false},"author":4,"featured_media":16988,"comment_status":"open","ping_status":"closed","sticky":false,"template":"","format":"standard","meta":{"om_disable_all_campaigns":false,"_jetpack_memberships_contains_paid_content":false,"footnotes":""},"categories":[2,103],"tags":[],"class_list":["post-33960","post","type-post","status-publish","format-standard","has-post-thumbnail","hentry","category-locales","category-policiales-locales"],"aioseo_notices":[],"gutentor_comment":0,"jetpack_featured_media_url":"https:\/\/eldiariodesanpedro.com.ar\/sitio\/wp-content\/uploads\/2017\/04\/DSC_0220-e1492514812154.jpg","jetpack_shortlink":"https:\/\/wp.me\/p6RhLt-8PK","jetpack_sharing_enabled":true,"_links":{"self":[{"href":"https:\/\/eldiariodesanpedro.com.ar\/sitio\/wp-json\/wp\/v2\/posts\/33960","targetHints":{"allow":["GET"]}}],"collection":[{"href":"https:\/\/eldiariodesanpedro.com.ar\/sitio\/wp-json\/wp\/v2\/posts"}],"about":[{"href":"https:\/\/eldiariodesanpedro.com.ar\/sitio\/wp-json\/wp\/v2\/types\/post"}],"author":[{"embeddable":true,"href":"https:\/\/eldiariodesanpedro.com.ar\/sitio\/wp-json\/wp\/v2\/users\/4"}],"replies":[{"embeddable":true,"href":"https:\/\/eldiariodesanpedro.com.ar\/sitio\/wp-json\/wp\/v2\/comments?post=33960"}],"version-history":[{"count":1,"href":"https:\/\/eldiariodesanpedro.com.ar\/sitio\/wp-json\/wp\/v2\/posts\/33960\/revisions"}],"predecessor-version":[{"id":33961,"href":"https:\/\/eldiariodesanpedro.com.ar\/sitio\/wp-json\/wp\/v2\/posts\/33960\/revisions\/33961"}],"wp:featuredmedia":[{"embeddable":true,"href":"https:\/\/eldiariodesanpedro.com.ar\/sitio\/wp-json\/wp\/v2\/media\/16988"}],"wp:attachment":[{"href":"https:\/\/eldiariodesanpedro.com.ar\/sitio\/wp-json\/wp\/v2\/media?parent=33960"}],"wp:term":[{"taxonomy":"category","embeddable":true,"href":"https:\/\/eldiariodesanpedro.com.ar\/sitio\/wp-json\/wp\/v2\/categories?post=33960"},{"taxonomy":"post_tag","embeddable":true,"href":"https:\/\/eldiariodesanpedro.com.ar\/sitio\/wp-json\/wp\/v2\/tags?post=33960"}],"curies":[{"name":"wp","href":"https:\/\/api.w.org\/{rel}","templated":true}]}}