{"id":33956,"date":"2018-05-31T10:35:08","date_gmt":"2018-05-31T13:35:08","guid":{"rendered":"https:\/\/eldiariodesanpedro.com.ar\/sitio\/?p=33956"},"modified":"2018-05-31T10:35:08","modified_gmt":"2018-05-31T13:35:08","slug":"nuevamente-motochorros-asaltaron-a-una-joven","status":"publish","type":"post","link":"https:\/\/eldiariodesanpedro.com.ar\/sitio\/nuevamente-motochorros-asaltaron-a-una-joven\/","title":{"rendered":"Nuevamente motochorros asaltaron a una joven"},"content":{"rendered":"<p><!-- VideographyWP Plugin Message: Automatic video embedding prevented by plugin options. --><br \/>\nLe robaron una cartera con el celular y dinero en efectivo en su interior.<\/p>\n<p>El hecho se produjo cuando una joven de 22 a\u00f1os es increpada por motochorros donde le sustraen la cartera con el celular y dinero en efectivo en su interior. La v\u00edctima se encontraba caminando por calle B.Moreno y Benefactora Sampedrina como dirigi\u00e9ndose al centro de la ciudad.<\/p>\n<p>Queda a investigaci\u00f3n de personal de comisar\u00eda local <\/p>\n","protected":false},"excerpt":{"rendered":"<p>Le robaron una cartera con el celular y dinero en efectivo en su interior. El hecho se produjo cuando una joven de 22 a\u00f1os es increpada por motochorros donde le sustraen la cartera con el celular y dinero en efectivo en su interior. La v\u00edctima se encontraba caminando por calle B.Moreno y Benefactora Sampedrina como [&hellip;]<\/p>\n","protected":false},"author":4,"featured_media":26224,"comment_status":"open","ping_status":"closed","sticky":false,"template":"","format":"standard","meta":{"om_disable_all_campaigns":false,"_jetpack_memberships_contains_paid_content":false,"footnotes":""},"categories":[2,103],"tags":[],"class_list":["post-33956","post","type-post","status-publish","format-standard","has-post-thumbnail","hentry","category-locales","category-policiales-locales"],"aioseo_notices":[],"gutentor_comment":0,"jetpack_featured_media_url":"https:\/\/eldiariodesanpedro.com.ar\/sitio\/wp-content\/uploads\/2017\/11\/motochorro-armado.jpg","jetpack_shortlink":"https:\/\/wp.me\/p6RhLt-8PG","jetpack_sharing_enabled":true,"_links":{"self":[{"href":"https:\/\/eldiariodesanpedro.com.ar\/sitio\/wp-json\/wp\/v2\/posts\/33956","targetHints":{"allow":["GET"]}}],"collection":[{"href":"https:\/\/eldiariodesanpedro.com.ar\/sitio\/wp-json\/wp\/v2\/posts"}],"about":[{"href":"https:\/\/eldiariodesanpedro.com.ar\/sitio\/wp-json\/wp\/v2\/types\/post"}],"author":[{"embeddable":true,"href":"https:\/\/eldiariodesanpedro.com.ar\/sitio\/wp-json\/wp\/v2\/users\/4"}],"replies":[{"embeddable":true,"href":"https:\/\/eldiariodesanpedro.com.ar\/sitio\/wp-json\/wp\/v2\/comments?post=33956"}],"version-history":[{"count":1,"href":"https:\/\/eldiariodesanpedro.com.ar\/sitio\/wp-json\/wp\/v2\/posts\/33956\/revisions"}],"predecessor-version":[{"id":33957,"href":"https:\/\/eldiariodesanpedro.com.ar\/sitio\/wp-json\/wp\/v2\/posts\/33956\/revisions\/33957"}],"wp:featuredmedia":[{"embeddable":true,"href":"https:\/\/eldiariodesanpedro.com.ar\/sitio\/wp-json\/wp\/v2\/media\/26224"}],"wp:attachment":[{"href":"https:\/\/eldiariodesanpedro.com.ar\/sitio\/wp-json\/wp\/v2\/media?parent=33956"}],"wp:term":[{"taxonomy":"category","embeddable":true,"href":"https:\/\/eldiariodesanpedro.com.ar\/sitio\/wp-json\/wp\/v2\/categories?post=33956"},{"taxonomy":"post_tag","embeddable":true,"href":"https:\/\/eldiariodesanpedro.com.ar\/sitio\/wp-json\/wp\/v2\/tags?post=33956"}],"curies":[{"name":"wp","href":"https:\/\/api.w.org\/{rel}","templated":true}]}}