{"id":33950,"date":"2018-05-31T09:24:21","date_gmt":"2018-05-31T12:24:21","guid":{"rendered":"https:\/\/eldiariodesanpedro.com.ar\/sitio\/?p=33950"},"modified":"2018-05-31T09:24:21","modified_gmt":"2018-05-31T12:24:21","slug":"allanamiento-y-dos-detenidos-por-venta-de-estupefacientes-al-menudeo","status":"publish","type":"post","link":"https:\/\/eldiariodesanpedro.com.ar\/sitio\/allanamiento-y-dos-detenidos-por-venta-de-estupefacientes-al-menudeo\/","title":{"rendered":"Allanamiento y dos detenidos por venta de estupefacientes al menudeo"},"content":{"rendered":"<p><!-- VideographyWP Plugin Message: Automatic video embedding prevented by plugin options. --><br \/>\nTras una larga tareas de investigaci\u00f3n por parte de Personal de la Delegaci\u00f3n<br \/>\nDepartamental de Investigaciones del Tr\u00e1fico de Drogas Il\u00edcitas y Crimen Organizado San Nicol\u00e1s se aprehendio a dos ciudadanos denunciados por la venta de estupefacientes al menudeo. <\/p>\n<p>Este mi\u00e9rcoles se llev\u00f3 a cabo un allanamiento en nuestra ciudad por parte de de la Delegaci\u00f3n Departamental de Investigaciones del Tr\u00e1fico de Drogas Il\u00edcitas y Crimen Organizado de San Nicol\u00e1s solicitado por el fiscal Dr. Manso y ordenado por el Juez de Garant\u00edas de San Nicol\u00e1s Dr. Ricardo Luis Prati. <\/p>\n<p>La diligencia tuvo lugar en un domicilio ubicado en calle Benefactora Sampedrina 580 donde seg\u00fan la. Investigaci\u00f3n de realizaba la venta de los estupefacientes por parte de de tres ciudadanos, uno de ellos quien ya hab\u00eda estado detenido en otro allanamiento por el mismo motivo y quien estar\u00eda cursando una prisi\u00f3n domiciliaria. <\/p>\n<p>En esta vivienda recidia un conocido delincuente Yonatan \u00abMayonesa\u00bb Coulin junto a su pareja y su padre Edgardo Colin, el primero presenta antecedentes penales por comercializaci\u00f3n de estupefacientes y por delitos contra la propiedad y las personas por lo que estar\u00eda cumpliendo arresto domiciliario. <\/p>\n<p>La investigaci\u00f3n dio comienzo tras un llamado an\u00f3nimo al 911 donde se denuncia que el. Delincuente apodado \u00abmayonesa\u00bb se encontraba vendiendo estupefacientes en su domicilio, lo que luego se pudo comprobar la veracidad de lo referido por el denunciante, es decir que realizan venta de estupefacientes al menudeo durante todo el d\u00eda, de manera indiscriminada, los compradores llegan a toda hora pero con mayor frecuencia a medida que va cayendo la noche y venta mayormente de marihuana.<\/p>\n<p>Recolectada la informaci\u00f3n suficiente, se solicita orden de allanamiento para el domicilio de residencia de los imputados, ubicado en calle Benefactora Sampedrina 580, diligencia que arroj\u00f3 resultados positivos con dos personas aprehendidas (Yonatan y Edgardo coulin), el secuestro de 102 grs de marihuana, fraccionados en 54 envoltorios de nylon negro, listos para su comercializaci\u00f3n, recortes de nylon varios y dinero en efectivo. <\/p>\n<p>Ademas se pudo observar que mientras se realizaba la diligencia, a pesar del despliegue de los m\u00f3viles policiales en la puerta de la finca, arribaron m\u00e1s de 10 personas con intenciones de comprar dichas sustancias prohibidas, complicando a\u00fan m\u00e1s la situaci\u00f3n de los aprehendidos, quienes permanen temporalmente alojados en la comisar\u00eda local hasta la obtenci\u00f3n de cupo en alguna unidad carcelaria.<\/p>\n<p><img decoding=\"async\" data-attachment-id=\"33951\" data-permalink=\"https:\/\/eldiariodesanpedro.com.ar\/sitio\/allanamiento-y-dos-detenidos-por-venta-de-estupefacientes-al-menudeo\/img-20180531-wa0002\/\" data-orig-file=\"https:\/\/eldiariodesanpedro.com.ar\/sitio\/wp-content\/uploads\/2018\/05\/IMG-20180531-WA0002.jpg\" data-orig-size=\"959,1280\" data-comments-opened=\"1\" data-image-meta=\"{&quot;aperture&quot;:&quot;0&quot;,&quot;credit&quot;:&quot;&quot;,&quot;camera&quot;:&quot;&quot;,&quot;caption&quot;:&quot;&quot;,&quot;created_timestamp&quot;:&quot;0&quot;,&quot;copyright&quot;:&quot;&quot;,&quot;focal_length&quot;:&quot;0&quot;,&quot;iso&quot;:&quot;0&quot;,&quot;shutter_speed&quot;:&quot;0&quot;,&quot;title&quot;:&quot;&quot;,&quot;orientation&quot;:&quot;0&quot;}\" data-image-title=\"IMG-20180531-WA0002\" data-image-description=\"\" data-image-caption=\"\" data-large-file=\"https:\/\/eldiariodesanpedro.com.ar\/sitio\/wp-content\/uploads\/2018\/05\/IMG-20180531-WA0002-767x1024.jpg\" data-src=\"https:\/\/eldiariodesanpedro.com.ar\/sitio\/wp-content\/uploads\/2018\/05\/IMG-20180531-WA0002-767x1024.jpg\" alt=\"\" width=\"660\" height=\"881\" class=\"alignnone size-large wp-image-33951 lazyload\" data-srcset=\"https:\/\/eldiariodesanpedro.com.ar\/sitio\/wp-content\/uploads\/2018\/05\/IMG-20180531-WA0002-767x1024.jpg 767w, https:\/\/eldiariodesanpedro.com.ar\/sitio\/wp-content\/uploads\/2018\/05\/IMG-20180531-WA0002-225x300.jpg 225w, https:\/\/eldiariodesanpedro.com.ar\/sitio\/wp-content\/uploads\/2018\/05\/IMG-20180531-WA0002-768x1025.jpg 768w, https:\/\/eldiariodesanpedro.com.ar\/sitio\/wp-content\/uploads\/2018\/05\/IMG-20180531-WA0002.jpg 959w\" data-sizes=\"(max-width: 660px) 100vw, 660px\" src=\"data:image\/svg+xml;base64,PHN2ZyB3aWR0aD0iMSIgaGVpZ2h0PSIxIiB4bWxucz0iaHR0cDovL3d3dy53My5vcmcvMjAwMC9zdmciPjwvc3ZnPg==\" style=\"--smush-placeholder-width: 660px; --smush-placeholder-aspect-ratio: 660\/881;\" \/><\/p>\n","protected":false},"excerpt":{"rendered":"<p>Tras una larga tareas de investigaci\u00f3n por parte de Personal de la Delegaci\u00f3n Departamental de Investigaciones del Tr\u00e1fico de Drogas Il\u00edcitas y Crimen Organizado San Nicol\u00e1s se aprehendio a dos ciudadanos denunciados por la venta de estupefacientes al menudeo. Este mi\u00e9rcoles se llev\u00f3 a cabo un allanamiento en nuestra ciudad por parte de de la [&hellip;]<\/p>\n","protected":false},"author":4,"featured_media":33952,"comment_status":"open","ping_status":"closed","sticky":false,"template":"","format":"standard","meta":{"om_disable_all_campaigns":false,"_jetpack_memberships_contains_paid_content":false,"footnotes":""},"categories":[50,2,103],"tags":[],"class_list":["post-33950","post","type-post","status-publish","format-standard","has-post-thumbnail","hentry","category-destacadas","category-locales","category-policiales-locales"],"aioseo_notices":[],"gutentor_comment":0,"jetpack_featured_media_url":"https:\/\/eldiariodesanpedro.com.ar\/sitio\/wp-content\/uploads\/2018\/05\/20180531_092321.jpg","jetpack_shortlink":"https:\/\/wp.me\/p6RhLt-8PA","jetpack_sharing_enabled":true,"_links":{"self":[{"href":"https:\/\/eldiariodesanpedro.com.ar\/sitio\/wp-json\/wp\/v2\/posts\/33950","targetHints":{"allow":["GET"]}}],"collection":[{"href":"https:\/\/eldiariodesanpedro.com.ar\/sitio\/wp-json\/wp\/v2\/posts"}],"about":[{"href":"https:\/\/eldiariodesanpedro.com.ar\/sitio\/wp-json\/wp\/v2\/types\/post"}],"author":[{"embeddable":true,"href":"https:\/\/eldiariodesanpedro.com.ar\/sitio\/wp-json\/wp\/v2\/users\/4"}],"replies":[{"embeddable":true,"href":"https:\/\/eldiariodesanpedro.com.ar\/sitio\/wp-json\/wp\/v2\/comments?post=33950"}],"version-history":[{"count":1,"href":"https:\/\/eldiariodesanpedro.com.ar\/sitio\/wp-json\/wp\/v2\/posts\/33950\/revisions"}],"predecessor-version":[{"id":33953,"href":"https:\/\/eldiariodesanpedro.com.ar\/sitio\/wp-json\/wp\/v2\/posts\/33950\/revisions\/33953"}],"wp:featuredmedia":[{"embeddable":true,"href":"https:\/\/eldiariodesanpedro.com.ar\/sitio\/wp-json\/wp\/v2\/media\/33952"}],"wp:attachment":[{"href":"https:\/\/eldiariodesanpedro.com.ar\/sitio\/wp-json\/wp\/v2\/media?parent=33950"}],"wp:term":[{"taxonomy":"category","embeddable":true,"href":"https:\/\/eldiariodesanpedro.com.ar\/sitio\/wp-json\/wp\/v2\/categories?post=33950"},{"taxonomy":"post_tag","embeddable":true,"href":"https:\/\/eldiariodesanpedro.com.ar\/sitio\/wp-json\/wp\/v2\/tags?post=33950"}],"curies":[{"name":"wp","href":"https:\/\/api.w.org\/{rel}","templated":true}]}}