{"id":33942,"date":"2018-05-30T20:31:20","date_gmt":"2018-05-30T23:31:20","guid":{"rendered":"https:\/\/eldiariodesanpedro.com.ar\/sitio\/?p=33942"},"modified":"2026-01-24T00:13:32","modified_gmt":"2026-01-24T03:13:32","slug":"asamblea-en-nautico-una-sola-lista-con-el-dr-marcos-arana-en-la-conduccion","status":"publish","type":"post","link":"https:\/\/eldiariodesanpedro.com.ar\/sitio\/asamblea-en-nautico-una-sola-lista-con-el-dr-marcos-arana-en-la-conduccion\/","title":{"rendered":"ASAMBLEA EN N\u00c1UTICO: Una sola lista con el Dr. Marcos Arana en la conducci\u00f3n"},"content":{"rendered":"<p><!-- VideographyWP Plugin Message: Automatic video embedding prevented by plugin options. --><br \/>\nEl s\u00e1bado 26 a la medianoche venci\u00f3 el plazo para la presentaci\u00f3n de listas para la Asamblea General Ordinaria que tendr\u00e1 lugar el pr\u00f3ximo jueves 31 de mayo. <\/p>\n<p>  Para la renovaci\u00f3n de autoridades, incluyendo el cargo de Comodoro, se present\u00f3 la lista Celeste y Blanco encabezada por el Dr. Marcos Noizeux Arana quien, de este modo, seguir\u00e1 al frente del Club durante el per\u00edodo 2018 \u2013 2020.<\/p>\n<p><em>  La lista presentada es la siguiente:<\/em><br \/>\nComodoro: Marcos Noizeux Arana<br \/>\nSecretario: Dar\u00edo Rub\u00e9n L\u00f3pez<br \/>\nTesorero: Jorge Birador<br \/>\n(Capit\u00e1n): Roberto Ceferino Gonz\u00e1lez<br \/>\n(Sub Capit\u00e1n): Cristian Magallanes<br \/>\nAlejandro Gir\u00e1ndola<br \/>\nC\u00e9sar Mart\u00edn P\u00e9rez<\/p>\n<p>Vocales Suplentes: Javier Hern\u00e1n Varela, Ra\u00fal Peir\u00f3, Augusto Balladori<\/p>\n<p>Revisores de cuentas: Hern\u00e1n Abat\u00e1ngelo, Juan Mat\u00edas Alcorta, Iv\u00e1n Zarzecki<\/p>\n","protected":false},"excerpt":{"rendered":"<p>El s\u00e1bado 26 a la medianoche venci\u00f3 el plazo para la presentaci\u00f3n de listas para la Asamblea General Ordinaria que tendr\u00e1 lugar el pr\u00f3ximo jueves 31 de mayo. Para la renovaci\u00f3n de autoridades, incluyendo el cargo de Comodoro, se present\u00f3 la lista Celeste y Blanco encabezada por el Dr. Marcos Noizeux Arana quien, de este [&hellip;]<\/p>\n","protected":false},"author":4,"featured_media":11309,"comment_status":"open","ping_status":"closed","sticky":false,"template":"","format":"standard","meta":{"om_disable_all_campaigns":false,"_jetpack_memberships_contains_paid_content":false,"footnotes":""},"categories":[5],"tags":[],"class_list":["post-33942","post","type-post","status-publish","format-standard","has-post-thumbnail","hentry","category-deportes"],"aioseo_notices":[],"gutentor_comment":0,"jetpack_featured_media_url":"https:\/\/eldiariodesanpedro.com.ar\/sitio\/wp-content\/uploads\/2016\/12\/logo-club-nautico-san-pedro.jpg","jetpack_shortlink":"https:\/\/wp.me\/p6RhLt-8Ps","jetpack_sharing_enabled":true,"_links":{"self":[{"href":"https:\/\/eldiariodesanpedro.com.ar\/sitio\/wp-json\/wp\/v2\/posts\/33942","targetHints":{"allow":["GET"]}}],"collection":[{"href":"https:\/\/eldiariodesanpedro.com.ar\/sitio\/wp-json\/wp\/v2\/posts"}],"about":[{"href":"https:\/\/eldiariodesanpedro.com.ar\/sitio\/wp-json\/wp\/v2\/types\/post"}],"author":[{"embeddable":true,"href":"https:\/\/eldiariodesanpedro.com.ar\/sitio\/wp-json\/wp\/v2\/users\/4"}],"replies":[{"embeddable":true,"href":"https:\/\/eldiariodesanpedro.com.ar\/sitio\/wp-json\/wp\/v2\/comments?post=33942"}],"version-history":[{"count":2,"href":"https:\/\/eldiariodesanpedro.com.ar\/sitio\/wp-json\/wp\/v2\/posts\/33942\/revisions"}],"predecessor-version":[{"id":33944,"href":"https:\/\/eldiariodesanpedro.com.ar\/sitio\/wp-json\/wp\/v2\/posts\/33942\/revisions\/33944"}],"wp:featuredmedia":[{"embeddable":true,"href":"https:\/\/eldiariodesanpedro.com.ar\/sitio\/wp-json\/wp\/v2\/media\/11309"}],"wp:attachment":[{"href":"https:\/\/eldiariodesanpedro.com.ar\/sitio\/wp-json\/wp\/v2\/media?parent=33942"}],"wp:term":[{"taxonomy":"category","embeddable":true,"href":"https:\/\/eldiariodesanpedro.com.ar\/sitio\/wp-json\/wp\/v2\/categories?post=33942"},{"taxonomy":"post_tag","embeddable":true,"href":"https:\/\/eldiariodesanpedro.com.ar\/sitio\/wp-json\/wp\/v2\/tags?post=33942"}],"curies":[{"name":"wp","href":"https:\/\/api.w.org\/{rel}","templated":true}]}}