{"id":33940,"date":"2018-05-30T20:29:35","date_gmt":"2018-05-30T23:29:35","guid":{"rendered":"https:\/\/eldiariodesanpedro.com.ar\/sitio\/?p=33940"},"modified":"2026-01-24T00:13:32","modified_gmt":"2026-01-24T03:13:32","slug":"yachting-alsogaray-brillo-en-los-juegos-odesur","status":"publish","type":"post","link":"https:\/\/eldiariodesanpedro.com.ar\/sitio\/yachting-alsogaray-brillo-en-los-juegos-odesur\/","title":{"rendered":"YACHTING: Alsogaray brill\u00f3 en los Juegos ODESUR"},"content":{"rendered":"<p><!-- VideographyWP Plugin Message: Automatic video embedding prevented by plugin options. --><br \/>\n  Mart\u00edn Alsogaray, Medalla de Bronce en clase Sunfish en los Juegos ODESUR en Cochabamba, Bolivia.<br \/>\n  Se clasific\u00f3 sexto, cuarto y segundo en las regatas s\u00e9ptimas, octava y novena. Reuni\u00f3 29 puntos (23 netos), detr\u00e1s del ecuatoriano Jonathan Martinetti (18 puntos, 14 netos) y del peruano Jean Paul De Trazegnies (25 puntos, 20 netos).<\/p>\n","protected":false},"excerpt":{"rendered":"<p>Mart\u00edn Alsogaray, Medalla de Bronce en clase Sunfish en los Juegos ODESUR en Cochabamba, Bolivia. Se clasific\u00f3 sexto, cuarto y segundo en las regatas s\u00e9ptimas, octava y novena. Reuni\u00f3 29 puntos (23 netos), detr\u00e1s del ecuatoriano Jonathan Martinetti (18 puntos, 14 netos) y del peruano Jean Paul De Trazegnies (25 puntos, 20 netos).<\/p>\n","protected":false},"author":4,"featured_media":28887,"comment_status":"open","ping_status":"closed","sticky":false,"template":"","format":"standard","meta":{"om_disable_all_campaigns":false,"_jetpack_memberships_contains_paid_content":false,"footnotes":""},"categories":[5],"tags":[],"class_list":["post-33940","post","type-post","status-publish","format-standard","has-post-thumbnail","hentry","category-deportes"],"aioseo_notices":[],"gutentor_comment":0,"jetpack_featured_media_url":"https:\/\/eldiariodesanpedro.com.ar\/sitio\/wp-content\/uploads\/2018\/02\/YACHTING.jpg","jetpack_shortlink":"https:\/\/wp.me\/p6RhLt-8Pq","jetpack_sharing_enabled":true,"_links":{"self":[{"href":"https:\/\/eldiariodesanpedro.com.ar\/sitio\/wp-json\/wp\/v2\/posts\/33940","targetHints":{"allow":["GET"]}}],"collection":[{"href":"https:\/\/eldiariodesanpedro.com.ar\/sitio\/wp-json\/wp\/v2\/posts"}],"about":[{"href":"https:\/\/eldiariodesanpedro.com.ar\/sitio\/wp-json\/wp\/v2\/types\/post"}],"author":[{"embeddable":true,"href":"https:\/\/eldiariodesanpedro.com.ar\/sitio\/wp-json\/wp\/v2\/users\/4"}],"replies":[{"embeddable":true,"href":"https:\/\/eldiariodesanpedro.com.ar\/sitio\/wp-json\/wp\/v2\/comments?post=33940"}],"version-history":[{"count":1,"href":"https:\/\/eldiariodesanpedro.com.ar\/sitio\/wp-json\/wp\/v2\/posts\/33940\/revisions"}],"predecessor-version":[{"id":33941,"href":"https:\/\/eldiariodesanpedro.com.ar\/sitio\/wp-json\/wp\/v2\/posts\/33940\/revisions\/33941"}],"wp:featuredmedia":[{"embeddable":true,"href":"https:\/\/eldiariodesanpedro.com.ar\/sitio\/wp-json\/wp\/v2\/media\/28887"}],"wp:attachment":[{"href":"https:\/\/eldiariodesanpedro.com.ar\/sitio\/wp-json\/wp\/v2\/media?parent=33940"}],"wp:term":[{"taxonomy":"category","embeddable":true,"href":"https:\/\/eldiariodesanpedro.com.ar\/sitio\/wp-json\/wp\/v2\/categories?post=33940"},{"taxonomy":"post_tag","embeddable":true,"href":"https:\/\/eldiariodesanpedro.com.ar\/sitio\/wp-json\/wp\/v2\/tags?post=33940"}],"curies":[{"name":"wp","href":"https:\/\/api.w.org\/{rel}","templated":true}]}}