{"id":33934,"date":"2018-05-30T20:23:46","date_gmt":"2018-05-30T23:23:46","guid":{"rendered":"https:\/\/eldiariodesanpedro.com.ar\/sitio\/?p=33934"},"modified":"2026-01-24T00:13:32","modified_gmt":"2026-01-24T03:13:32","slug":"nacional-de-natacion-tres-nadadores-del-club-pescadores-nos-representan-en-el-cenard","status":"publish","type":"post","link":"https:\/\/eldiariodesanpedro.com.ar\/sitio\/nacional-de-natacion-tres-nadadores-del-club-pescadores-nos-representan-en-el-cenard\/","title":{"rendered":"NACIONAL DE NATACI\u00d3N: Tres nadadores del Club Pescadores nos representan en el CeNARD"},"content":{"rendered":"<p><!-- VideographyWP Plugin Message: Automatic video embedding prevented by plugin options. --><br \/>\n  Comienza el Campeonato Nacional de Juveniles y Junior (Selectivo YOG2018) del 30 de mayo al 2 de junio en el Centro Nacional de Alto Rendimiento Deportivo (CeNARD) ubicado al comienzo de la Avenida Miguel Benancio S\u00e1nchez, (ex Cris\u00f3logo Larralde) al 1050 de CABA.<\/p>\n<p>  Tres nadadores del Club Pescadores participan del evento nacional, son ellos Zuahir L\u00f3pez (50, 100 y 200 mts espalda), Estefan\u00eda Mart\u00ednez (100 mts y 200 mts pecho) y M\u00e1ximiliano Rosell\u00f3 (50 y 100 mts libre; 50 y 100 mts mariposa; 50 y 100 mts espalda).<\/p>\n<p><strong>Pr\u00f3ximos nacionales donde habr\u00e1 deportistas locales<\/strong><br \/>\nCampeonato Nacional de Cadetes 1 y 2 &#8211; 13 al 16 de junio &#8211; EMDER (FENBAS).<br \/>\nCampeonato Nacional de Infantiles y menores &#8211; mes de agosto &#8211; S. del Estero<\/p>\n","protected":false},"excerpt":{"rendered":"<p>Comienza el Campeonato Nacional de Juveniles y Junior (Selectivo YOG2018) del 30 de mayo al 2 de junio en el Centro Nacional de Alto Rendimiento Deportivo (CeNARD) ubicado al comienzo de la Avenida Miguel Benancio S\u00e1nchez, (ex Cris\u00f3logo Larralde) al 1050 de CABA. Tres nadadores del Club Pescadores participan del evento nacional, son ellos Zuahir [&hellip;]<\/p>\n","protected":false},"author":4,"featured_media":33935,"comment_status":"open","ping_status":"closed","sticky":false,"template":"","format":"standard","meta":{"om_disable_all_campaigns":false,"_jetpack_memberships_contains_paid_content":false,"footnotes":""},"categories":[5],"tags":[],"class_list":["post-33934","post","type-post","status-publish","format-standard","has-post-thumbnail","hentry","category-deportes"],"aioseo_notices":[],"gutentor_comment":0,"jetpack_featured_media_url":"https:\/\/eldiariodesanpedro.com.ar\/sitio\/wp-content\/uploads\/2018\/05\/Los-tres-nadadores-que-nos-representan-junto-al-entrenador-en-el-Nacional.jpg","jetpack_shortlink":"https:\/\/wp.me\/p6RhLt-8Pk","jetpack_sharing_enabled":true,"_links":{"self":[{"href":"https:\/\/eldiariodesanpedro.com.ar\/sitio\/wp-json\/wp\/v2\/posts\/33934","targetHints":{"allow":["GET"]}}],"collection":[{"href":"https:\/\/eldiariodesanpedro.com.ar\/sitio\/wp-json\/wp\/v2\/posts"}],"about":[{"href":"https:\/\/eldiariodesanpedro.com.ar\/sitio\/wp-json\/wp\/v2\/types\/post"}],"author":[{"embeddable":true,"href":"https:\/\/eldiariodesanpedro.com.ar\/sitio\/wp-json\/wp\/v2\/users\/4"}],"replies":[{"embeddable":true,"href":"https:\/\/eldiariodesanpedro.com.ar\/sitio\/wp-json\/wp\/v2\/comments?post=33934"}],"version-history":[{"count":1,"href":"https:\/\/eldiariodesanpedro.com.ar\/sitio\/wp-json\/wp\/v2\/posts\/33934\/revisions"}],"predecessor-version":[{"id":33936,"href":"https:\/\/eldiariodesanpedro.com.ar\/sitio\/wp-json\/wp\/v2\/posts\/33934\/revisions\/33936"}],"wp:featuredmedia":[{"embeddable":true,"href":"https:\/\/eldiariodesanpedro.com.ar\/sitio\/wp-json\/wp\/v2\/media\/33935"}],"wp:attachment":[{"href":"https:\/\/eldiariodesanpedro.com.ar\/sitio\/wp-json\/wp\/v2\/media?parent=33934"}],"wp:term":[{"taxonomy":"category","embeddable":true,"href":"https:\/\/eldiariodesanpedro.com.ar\/sitio\/wp-json\/wp\/v2\/categories?post=33934"},{"taxonomy":"post_tag","embeddable":true,"href":"https:\/\/eldiariodesanpedro.com.ar\/sitio\/wp-json\/wp\/v2\/tags?post=33934"}],"curies":[{"name":"wp","href":"https:\/\/api.w.org\/{rel}","templated":true}]}}