{"id":33930,"date":"2018-05-30T19:12:32","date_gmt":"2018-05-30T22:12:32","guid":{"rendered":"https:\/\/eldiariodesanpedro.com.ar\/sitio\/?p=33930"},"modified":"2018-05-30T19:12:32","modified_gmt":"2018-05-30T22:12:32","slug":"se-presento-el-programa-animate-vos-vales","status":"publish","type":"post","link":"https:\/\/eldiariodesanpedro.com.ar\/sitio\/se-presento-el-programa-animate-vos-vales\/","title":{"rendered":"Se present\u00f3 el programa \u201cAnimate, Vos Vales\u201d"},"content":{"rendered":"<p><!-- VideographyWP Plugin Message: Automatic video embedding prevented by plugin options. --><br \/>\nLa Secretaria de Desarrollo Humano Karina Chiarella present\u00f3 el Programa \u201cAnimate Vos Vales\u201d, en el teatro Siripo. El mismo es un programa de inclusi\u00f3n para llegar a diferentes barrios con actividades deportivas y culturales.<\/p>\n<p>  Este programa permite acercar tanto actividades de educaci\u00f3n y recreaci\u00f3n f\u00edsica como tambi\u00e9n actividades de recreaci\u00f3n pl\u00e1stica, teatral, entre otras de la mano del Director de Deportes Luis Mar\u00eda Rodr\u00edguez y la Directora de Cultura Mar\u00eda Jos\u00e9 Mora. <\/p>\n<p>  Tambi\u00e9n se present\u00f3 el cuerpo de docentes que trabajar\u00e1 en los distintos barrios donde se llevar\u00e1n adelante las actividades.<\/p>\n<p>  Este programa tambi\u00e9n fomenta la detecci\u00f3n, desde el equipo multidisciplinario, de casos de violencia infantil en los barrios, para poder actuar de forma temprana. <\/p>\n<p>  Podr\u00e1n participar de las actividades ni\u00f1os y adultos de forma gratuita.   <\/p>\n<p>  La Secretar\u00eda dar\u00e1 a conocer pr\u00f3ximamente la grilla de actividades, lugares y horarios de su desarrollo. Se lo podr\u00e1 consultar en el sitio web municipal, sus redes sociales y en sus centros de atenci\u00f3n al p\u00fablico.<\/p>\n","protected":false},"excerpt":{"rendered":"<p>La Secretaria de Desarrollo Humano Karina Chiarella present\u00f3 el Programa \u201cAnimate Vos Vales\u201d, en el teatro Siripo. El mismo es un programa de inclusi\u00f3n para llegar a diferentes barrios con actividades deportivas y culturales. Este programa permite acercar tanto actividades de educaci\u00f3n y recreaci\u00f3n f\u00edsica como tambi\u00e9n actividades de recreaci\u00f3n pl\u00e1stica, teatral, entre otras de [&hellip;]<\/p>\n","protected":false},"author":4,"featured_media":33932,"comment_status":"open","ping_status":"closed","sticky":false,"template":"","format":"standard","meta":{"om_disable_all_campaigns":false,"_jetpack_memberships_contains_paid_content":false,"footnotes":""},"categories":[101,2],"tags":[],"class_list":["post-33930","post","type-post","status-publish","format-standard","has-post-thumbnail","hentry","category-interes-general-locales","category-locales"],"aioseo_notices":[],"gutentor_comment":0,"jetpack_featured_media_url":"https:\/\/eldiariodesanpedro.com.ar\/sitio\/wp-content\/uploads\/2018\/05\/Se-present\u00f3-el-programa-\u201cAnimate-Vos-Vales\u201d.jpg","jetpack_shortlink":"https:\/\/wp.me\/p6RhLt-8Pg","jetpack_sharing_enabled":true,"_links":{"self":[{"href":"https:\/\/eldiariodesanpedro.com.ar\/sitio\/wp-json\/wp\/v2\/posts\/33930","targetHints":{"allow":["GET"]}}],"collection":[{"href":"https:\/\/eldiariodesanpedro.com.ar\/sitio\/wp-json\/wp\/v2\/posts"}],"about":[{"href":"https:\/\/eldiariodesanpedro.com.ar\/sitio\/wp-json\/wp\/v2\/types\/post"}],"author":[{"embeddable":true,"href":"https:\/\/eldiariodesanpedro.com.ar\/sitio\/wp-json\/wp\/v2\/users\/4"}],"replies":[{"embeddable":true,"href":"https:\/\/eldiariodesanpedro.com.ar\/sitio\/wp-json\/wp\/v2\/comments?post=33930"}],"version-history":[{"count":1,"href":"https:\/\/eldiariodesanpedro.com.ar\/sitio\/wp-json\/wp\/v2\/posts\/33930\/revisions"}],"predecessor-version":[{"id":33933,"href":"https:\/\/eldiariodesanpedro.com.ar\/sitio\/wp-json\/wp\/v2\/posts\/33930\/revisions\/33933"}],"wp:featuredmedia":[{"embeddable":true,"href":"https:\/\/eldiariodesanpedro.com.ar\/sitio\/wp-json\/wp\/v2\/media\/33932"}],"wp:attachment":[{"href":"https:\/\/eldiariodesanpedro.com.ar\/sitio\/wp-json\/wp\/v2\/media?parent=33930"}],"wp:term":[{"taxonomy":"category","embeddable":true,"href":"https:\/\/eldiariodesanpedro.com.ar\/sitio\/wp-json\/wp\/v2\/categories?post=33930"},{"taxonomy":"post_tag","embeddable":true,"href":"https:\/\/eldiariodesanpedro.com.ar\/sitio\/wp-json\/wp\/v2\/tags?post=33930"}],"curies":[{"name":"wp","href":"https:\/\/api.w.org\/{rel}","templated":true}]}}