{"id":33927,"date":"2018-05-30T19:10:15","date_gmt":"2018-05-30T22:10:15","guid":{"rendered":"https:\/\/eldiariodesanpedro.com.ar\/sitio\/?p=33927"},"modified":"2018-05-30T19:10:16","modified_gmt":"2018-05-30T22:10:16","slug":"la-agrupacion-mallorca-presente-en-el-encuentro-de-casas-y-centros-baleares-de-argentina-uruguay-y-chile","status":"publish","type":"post","link":"https:\/\/eldiariodesanpedro.com.ar\/sitio\/la-agrupacion-mallorca-presente-en-el-encuentro-de-casas-y-centros-baleares-de-argentina-uruguay-y-chile\/","title":{"rendered":"La Agrupaci\u00f3n Mallorca presente en el Encuentro de Casas y Centros Baleares de Argentina, Uruguay y Chile"},"content":{"rendered":"<p><!-- VideographyWP Plugin Message: Automatic video embedding prevented by plugin options. --><br \/>\n  Ha tenido lugar los d\u00edas 12 y 13 de mayo del corriente en la ciudad de Buenos Aires, Argentina, un Encuentro de Casas y Centros Baleares de Argentina, Uruguay y Chile. Sede de esta convocatoria ha sido la Casa Balear de Buenos Aires la que, junto a la Agrupaci\u00f3n Mallorca de San Pedro, cumpli\u00f3 el rol de Casa Presidente y Casa Secretaria respectivamente.<\/p>\n<p>  En la actualidad son 13 las entidades baleares en Sudam\u00e9rica: 11 en Argentina, 1 en Uruguay y 1 en Chile. Asistieron presencialmente 5, a saber, Buenos Aires, San Pedro y Bol\u00edvar por la provincia de Buenos Aires, Rosario por Santa Fe y Villa Mar\u00eda por C\u00f3rdoba. Acompa\u00f1aron con sus notas la Protectora Menorquina de C\u00f3rdoba, el Centro Balear de Santa Fe y la Casa Balear de Chile. Adhirieron al encuentro la Cofrad\u00eda de la Virgen de Lluc y el Grup Sa Potada de Mendoza enviando sus apreciaciones al respecto. Es preciso y compensatorio aclarar que los gastos ocasionados por las movilidades y estad\u00edas de los representantes han corrido su totalidad por cuenta de las propias instituciones y\/o participantes.<\/p>\n<p>  Se ha trabajado sobre la base de 3 ejes de discusi\u00f3n y debate arribando a las siguientes conclusiones consensuadas:<\/p>\n<p><strong>a. Situaci\u00f3n actual de las Casas Baleares en el Exterior y estrategias de reconversi\u00f3n y fortalecimiento.<\/strong><br \/>\n-En la actualidad la totalidad de las instituciones llevan adelante un modelo de autogesti\u00f3n econ\u00f3mica y financiera que, si bien es saludable para el desarrollo de las mismas, en un contexto nacional como el actual se presentan limitantes en el flujo de fondos que hacen peligrar el sostenimiento de los gastos corrientes principalmente en aquellas que tienen propiedades de grandes dimensiones. El alquiler de instalaciones y\/o la generaci\u00f3n o participaci\u00f3n de celebraciones gastron\u00f3micas son las dos principales fuentes de ingresos seg\u00fan el caso que se analice.<\/p>\n<p>-Las instituciones son conscientes de la necesaria reconversi\u00f3n en la mirada sobre los objetivos que les dieron vida; en los tiempos actuales no s\u00f3lo es suficiente y necesario trabajar a nivel de comunidad balear, sino que las asociaciones deben extender sus l\u00edmites y ser referentes en su entorno social, abriendo sus l\u00edneas de acci\u00f3n al total de la poblaci\u00f3n con participaciones m\u00e1s inclusivas, colectivas, din\u00e1micas e innovadoras. Articular con otras instituciones intermedias, con entes gubernamentales, con c\u00e1maras y empresas, entre otros agentes de intercambio, les puede otorgar el vigor que hoy necesitan para sostenerse y crecer.<\/p>\n<p>-Preocupa la situaci\u00f3n de gesti\u00f3n y actualizaci\u00f3n administrativa en cuanto personer\u00eda jur\u00eddica, habilitaciones y otras tramitaciones del tipo legal que le permiten a las instituciones disponer de la vigencia necesaria para el funcionamiento diario, pero tambi\u00e9n para la presentaci\u00f3n de proyectos que buscan obtener fondos de diversas l\u00edneas de apoyo, tanto del gobierno auton\u00f3mico como del central. En este sentido, exhortamos a las Casas que no han estado presentes ni han enviado por nota sus apreciaciones que eleven su comunicaci\u00f3n a esta Mesa para lograr un diagn\u00f3stico acabado de la totalidad de las instituciones baleares.<\/p>\n<p>-El grupo de ex directivos de Casas Baleares, \u201cBaleares por el Mundo\u201d, participaron del encuentro bajo la representaci\u00f3n del Sr. Juan Mar\u00ed exponiendo sus apreciaciones respecto a la importancia que tiene la generaci\u00f3n de estos espacios de encuentros personales donde las instituciones pueden retroalimentarse de las experiencias de unas y otras, proyectar trabajos conjuntos y alentarse en la misi\u00f3n que se proponen.<\/p>\n<p><strong>b. Activaci\u00f3n de una mesa permanente de di\u00e1logo, intercambio y trabajo a nivel de dichas entidades.<\/strong><br \/>\n-Con el antecedente de haber celebrado bajo este primer encuentro la Primera Mesa Coordinadora de Casas Baleares Argentina, Uruguay y Chile del a\u00f1o 2018 se programan dos nuevas instancias de reuni\u00f3n:<br \/>\nagosto en San Pedro (Bs.As) y noviembre en Rosario.<\/p>\n<p>-Con el fin de que el trabajo colectivo sea constante y permita pensar, programar y ejecutar l\u00edneas conjuntas a lo largo del tiempo, y para sostener la vigencia del di\u00e1logo entre una Mesa Coordinadora y la siguiente, se formalizar\u00e1 el grupo de WhatsApp incluyendo a los directivos faltantes para que all\u00ed puedan comunicarse novedades, convocatorias, difusiones, etc. Haciendo uso de la informaci\u00f3n all\u00ed compartida se realizar\u00e1 una cadena mensual de notificaciones importantes v\u00eda email a fin de estimular las visitas y los intercambios entre casas con motivo de las diversas celebraciones programadas.<\/p>\n<p>-Se planifica concretar la realizaci\u00f3n y gesti\u00f3n de una p\u00e1gina web conjunta donde se institucionalice la presencia de las Casas Baleares en Argentina, Uruguay y Chile incluyendo all\u00ed la agenda de la colectividad, los datos de contacto, las historias y notas de inter\u00e9s, las informaciones vinculadas a la cultura y al turismo, los listados existentes de emigrantes baleares, las informaciones consulares, entre otros apartados.<\/p>\n<p><strong>c. Diagn\u00f3stico del relacionamiento entre el Govern Balear y la balearidad en el exterior.<\/strong><br \/>\nAcciones de mejora.<br \/>\n-El diagn\u00f3stico actual de esta relaci\u00f3n es no deseable en tanto creemos que las oportunidades de mejora que evidencia la relaci\u00f3n entre el Govern Balear y las Casas Baleares en el Exterior son inagotables; pero para que as\u00ed suceda ambas partes deben compartir los valores, la misi\u00f3n y la visi\u00f3n sobre la institucionalidad balear en el exterior.<\/p>\n<p>-En el marco este relacionamiento no debe ser el apoyo econ\u00f3mico el \u00fanico m\u00f3vil sobre el cual se asiente una relaci\u00f3n que tiene el potencial de ser mucho m\u00e1s creativa, multiplicadora y empoderante. De todas formas, adem\u00e1s de privilegiar la sinergia del di\u00e1logo y el apoyo institucional, sabemos de la importancia del cumplimiento de la Ley que reconoce a las asociaciones baleares en el exterior como embajadoras de la Comunidad Aut\u00f3noma de las Islas Baleares. En ese mandado legislativo se conservan las estrategias de articulaci\u00f3n que hoy no est\u00e1n vigentes en la medida de su reglamentaci\u00f3n.<\/p>\n<p>-En este marco, esta Mesa Coordinadora eleva su pedido de vigencia de la Ley 3\/1992 y los decretos accesorios a fin de normalizar y fortalecer las relaciones bilaterales en cumplimiento de lo all\u00ed dispuesto y propiciar el funcionamiento correcto y pleno del Consejo de Comunidades Baleares. <\/p>\n<p>Nota: En la jornada de clausura del domingo la Mesa Coordinadora recibi\u00f3 al Sr. Consejero de Empleo y Seguridad Social de la Embajada de Espa\u00f1a en la Argentina, D. Jos\u00e9 Luis Mira Lema. Su visita tuvo por objeto manifestarle la actualidad de la institucionalidad balear en la Argentina y otorgarle el espacio para que pudiera comentar a los presentes las acciones que lleva adelante su oficina y las posibilidades de acceder a l\u00edneas de apoyo a partir de los presupuestos asignados por el Gobierno Espa\u00f1ol para los centros e instituciones espa\u00f1olas de Argentina.<br \/>\n  Las Casas Baleares en el Exterior constituyen en s\u00ed mismas un patrimonio inmaterial que sostiene, fortalece y reproduce el intercambio socio-cultural entre las dos orillas.<\/p>\n<p>Son al mismo tiempo el reservorio de un potencial de articulaci\u00f3n y comunicaci\u00f3n a nivel institucional, gubernamental y empresarial a\u00fan no expresado.<\/p>\n<p>  En este contexto donde el flujo migratorio ha adquirido matices muy distintos a los conocidos, las Casas Baleares en el Exterior atraviesan una etapa de reconversi\u00f3n estrat\u00e9gica para innovar sobre la base de la tradici\u00f3n, para ser referentes de la comunidad donde conviven, para colaborar a posicionar el destino Baleares en el exterior y para fortalecer la presencia auton\u00f3mica en la totalidad de la institucionalidad espa\u00f1ola en Argentina, Uruguay y Chile. <\/p>\n","protected":false},"excerpt":{"rendered":"<p>Ha tenido lugar los d\u00edas 12 y 13 de mayo del corriente en la ciudad de Buenos Aires, Argentina, un Encuentro de Casas y Centros Baleares de Argentina, Uruguay y Chile. Sede de esta convocatoria ha sido la Casa Balear de Buenos Aires la que, junto a la Agrupaci\u00f3n Mallorca de San Pedro, cumpli\u00f3 el [&hellip;]<\/p>\n","protected":false},"author":4,"featured_media":33928,"comment_status":"open","ping_status":"closed","sticky":false,"template":"","format":"standard","meta":{"om_disable_all_campaigns":false,"_jetpack_memberships_contains_paid_content":false,"footnotes":""},"categories":[101,2],"tags":[],"class_list":["post-33927","post","type-post","status-publish","format-standard","has-post-thumbnail","hentry","category-interes-general-locales","category-locales"],"aioseo_notices":[],"gutentor_comment":0,"jetpack_featured_media_url":"https:\/\/eldiariodesanpedro.com.ar\/sitio\/wp-content\/uploads\/2018\/05\/Encuentro-de-Casas-y-Centros-Baleares-de-Argentina-Uruguay-y-Chile.jpg","jetpack_shortlink":"https:\/\/wp.me\/p6RhLt-8Pd","jetpack_sharing_enabled":true,"_links":{"self":[{"href":"https:\/\/eldiariodesanpedro.com.ar\/sitio\/wp-json\/wp\/v2\/posts\/33927","targetHints":{"allow":["GET"]}}],"collection":[{"href":"https:\/\/eldiariodesanpedro.com.ar\/sitio\/wp-json\/wp\/v2\/posts"}],"about":[{"href":"https:\/\/eldiariodesanpedro.com.ar\/sitio\/wp-json\/wp\/v2\/types\/post"}],"author":[{"embeddable":true,"href":"https:\/\/eldiariodesanpedro.com.ar\/sitio\/wp-json\/wp\/v2\/users\/4"}],"replies":[{"embeddable":true,"href":"https:\/\/eldiariodesanpedro.com.ar\/sitio\/wp-json\/wp\/v2\/comments?post=33927"}],"version-history":[{"count":1,"href":"https:\/\/eldiariodesanpedro.com.ar\/sitio\/wp-json\/wp\/v2\/posts\/33927\/revisions"}],"predecessor-version":[{"id":33929,"href":"https:\/\/eldiariodesanpedro.com.ar\/sitio\/wp-json\/wp\/v2\/posts\/33927\/revisions\/33929"}],"wp:featuredmedia":[{"embeddable":true,"href":"https:\/\/eldiariodesanpedro.com.ar\/sitio\/wp-json\/wp\/v2\/media\/33928"}],"wp:attachment":[{"href":"https:\/\/eldiariodesanpedro.com.ar\/sitio\/wp-json\/wp\/v2\/media?parent=33927"}],"wp:term":[{"taxonomy":"category","embeddable":true,"href":"https:\/\/eldiariodesanpedro.com.ar\/sitio\/wp-json\/wp\/v2\/categories?post=33927"},{"taxonomy":"post_tag","embeddable":true,"href":"https:\/\/eldiariodesanpedro.com.ar\/sitio\/wp-json\/wp\/v2\/tags?post=33927"}],"curies":[{"name":"wp","href":"https:\/\/api.w.org\/{rel}","templated":true}]}}