{"id":33922,"date":"2018-05-30T19:05:04","date_gmt":"2018-05-30T22:05:04","guid":{"rendered":"https:\/\/eldiariodesanpedro.com.ar\/sitio\/?p=33922"},"modified":"2018-05-30T19:05:04","modified_gmt":"2018-05-30T22:05:04","slug":"un-camion-robado-en-baradero-aparecio-abandonado-en-san-pedro","status":"publish","type":"post","link":"https:\/\/eldiariodesanpedro.com.ar\/sitio\/un-camion-robado-en-baradero-aparecio-abandonado-en-san-pedro\/","title":{"rendered":"Un cami\u00f3n robado en Baradero apareci\u00f3 abandonado en San Pedro"},"content":{"rendered":"<p><!-- VideographyWP Plugin Message: Automatic video embedding prevented by plugin options. --><br \/>\nEl lunes por la noche en el kil\u00f3metro 146 de la Ruta Nacional 9, un cami\u00f3n perteneciente a la empresa Mary Log\u00edstica del Gran Buenos Aires fue asaltado por delincuentes armados que se trasladaban en otro veh\u00edculo.<\/p>\n<p>  El hecho ocurri\u00f3 cuando el cami\u00f3n en cuesti\u00f3n circulaba por la Ruta 9 y fue interceptado por otro veh\u00edculo. Delincuentes armados secuestraron el cami\u00f3n. <\/p>\n<p>  El chofer fue llevado hacia un lugar diferente al que llevaron el cami\u00f3n, modus operanding que se utiliza en este tipo de hechos, y fue liberado cerca de San Antonio de Areco cuatro horas m\u00e1s tarde. El semi remolque apareci\u00f3 abandonado en nuestra localidad.<\/p>\n","protected":false},"excerpt":{"rendered":"<p>El lunes por la noche en el kil\u00f3metro 146 de la Ruta Nacional 9, un cami\u00f3n perteneciente a la empresa Mary Log\u00edstica del Gran Buenos Aires fue asaltado por delincuentes armados que se trasladaban en otro veh\u00edculo. El hecho ocurri\u00f3 cuando el cami\u00f3n en cuesti\u00f3n circulaba por la Ruta 9 y fue interceptado por otro [&hellip;]<\/p>\n","protected":false},"author":4,"featured_media":24590,"comment_status":"open","ping_status":"closed","sticky":false,"template":"","format":"standard","meta":{"om_disable_all_campaigns":false,"_jetpack_memberships_contains_paid_content":false,"footnotes":""},"categories":[2,103],"tags":[],"class_list":["post-33922","post","type-post","status-publish","format-standard","has-post-thumbnail","hentry","category-locales","category-policiales-locales"],"aioseo_notices":[],"gutentor_comment":0,"jetpack_featured_media_url":"https:\/\/eldiariodesanpedro.com.ar\/sitio\/wp-content\/uploads\/2017\/10\/camioneta-policia-noche.jpg","jetpack_shortlink":"https:\/\/wp.me\/p6RhLt-8P8","jetpack_sharing_enabled":true,"_links":{"self":[{"href":"https:\/\/eldiariodesanpedro.com.ar\/sitio\/wp-json\/wp\/v2\/posts\/33922","targetHints":{"allow":["GET"]}}],"collection":[{"href":"https:\/\/eldiariodesanpedro.com.ar\/sitio\/wp-json\/wp\/v2\/posts"}],"about":[{"href":"https:\/\/eldiariodesanpedro.com.ar\/sitio\/wp-json\/wp\/v2\/types\/post"}],"author":[{"embeddable":true,"href":"https:\/\/eldiariodesanpedro.com.ar\/sitio\/wp-json\/wp\/v2\/users\/4"}],"replies":[{"embeddable":true,"href":"https:\/\/eldiariodesanpedro.com.ar\/sitio\/wp-json\/wp\/v2\/comments?post=33922"}],"version-history":[{"count":2,"href":"https:\/\/eldiariodesanpedro.com.ar\/sitio\/wp-json\/wp\/v2\/posts\/33922\/revisions"}],"predecessor-version":[{"id":33926,"href":"https:\/\/eldiariodesanpedro.com.ar\/sitio\/wp-json\/wp\/v2\/posts\/33922\/revisions\/33926"}],"wp:featuredmedia":[{"embeddable":true,"href":"https:\/\/eldiariodesanpedro.com.ar\/sitio\/wp-json\/wp\/v2\/media\/24590"}],"wp:attachment":[{"href":"https:\/\/eldiariodesanpedro.com.ar\/sitio\/wp-json\/wp\/v2\/media?parent=33922"}],"wp:term":[{"taxonomy":"category","embeddable":true,"href":"https:\/\/eldiariodesanpedro.com.ar\/sitio\/wp-json\/wp\/v2\/categories?post=33922"},{"taxonomy":"post_tag","embeddable":true,"href":"https:\/\/eldiariodesanpedro.com.ar\/sitio\/wp-json\/wp\/v2\/tags?post=33922"}],"curies":[{"name":"wp","href":"https:\/\/api.w.org\/{rel}","templated":true}]}}