{"id":33920,"date":"2018-05-30T19:01:43","date_gmt":"2018-05-30T22:01:43","guid":{"rendered":"https:\/\/eldiariodesanpedro.com.ar\/sitio\/?p=33920"},"modified":"2018-05-30T19:01:43","modified_gmt":"2018-05-30T22:01:43","slug":"incendio-destruyo-parte-de-una-casa","status":"publish","type":"post","link":"https:\/\/eldiariodesanpedro.com.ar\/sitio\/incendio-destruyo-parte-de-una-casa\/","title":{"rendered":"Incendio destruy\u00f3 parte de una casa"},"content":{"rendered":"<p><!-- VideographyWP Plugin Message: Automatic video embedding prevented by plugin options. --><br \/>\nSucedi\u00f3 en la tarde del martes en una propiedad ubicada sobre la calle Am\u00e9rica al 200. Las p\u00e9rdidas en el lugar fueron totales. <\/p>\n<p>  Sobre la tarde del martes, alrededor de las 17 hs., se produjo un incendio en una propiedad ubicada sobre calle Am\u00e9rica al 200. Por circunstancias que se desconocen, tom\u00f3 fuego el garaje de la casa, ubicado sobre el frente del lugar, generaliz\u00e1ndose en cuesti\u00f3n de minutos. <\/p>\n<p>  Una unidad del cuerpo de Bomberos Voluntarios, a cargo de Alejandra Ojeda, intervino en el siniestro y r\u00e1pidamente domin\u00f3 el fuego evitando que las llamas afectaran al resto de la casa.<\/p>\n<p>  La presencia de diversos elementos inflamables como una cama desarmada, muchos papeles y ropa, hicieron que el fuego afectara todo y en cuesti\u00f3n de minutos destruyera lo que tuvo a su paso.<\/p>\n<p>  Los propietarios del lugar no se encontraban en la casa al momento del incendio, es decir que, a pesar de lo intenso del siniestro no hubo que lamentar ning\u00fan tipo de v\u00edctima.  <\/p>\n<p>Fuente: San Pedro Informa<\/p>\n","protected":false},"excerpt":{"rendered":"<p>Sucedi\u00f3 en la tarde del martes en una propiedad ubicada sobre la calle Am\u00e9rica al 200. Las p\u00e9rdidas en el lugar fueron totales. Sobre la tarde del martes, alrededor de las 17 hs., se produjo un incendio en una propiedad ubicada sobre calle Am\u00e9rica al 200. Por circunstancias que se desconocen, tom\u00f3 fuego el garaje [&hellip;]<\/p>\n","protected":false},"author":4,"featured_media":33923,"comment_status":"open","ping_status":"closed","sticky":false,"template":"","format":"standard","meta":{"om_disable_all_campaigns":false,"_jetpack_memberships_contains_paid_content":false,"footnotes":""},"categories":[2,103],"tags":[],"class_list":["post-33920","post","type-post","status-publish","format-standard","has-post-thumbnail","hentry","category-locales","category-policiales-locales"],"aioseo_notices":[],"gutentor_comment":0,"jetpack_featured_media_url":"https:\/\/eldiariodesanpedro.com.ar\/sitio\/wp-content\/uploads\/2018\/05\/Incendio-destruy\u00f3-parte-de-una-casa.jpg","jetpack_shortlink":"https:\/\/wp.me\/p6RhLt-8P6","jetpack_sharing_enabled":true,"_links":{"self":[{"href":"https:\/\/eldiariodesanpedro.com.ar\/sitio\/wp-json\/wp\/v2\/posts\/33920","targetHints":{"allow":["GET"]}}],"collection":[{"href":"https:\/\/eldiariodesanpedro.com.ar\/sitio\/wp-json\/wp\/v2\/posts"}],"about":[{"href":"https:\/\/eldiariodesanpedro.com.ar\/sitio\/wp-json\/wp\/v2\/types\/post"}],"author":[{"embeddable":true,"href":"https:\/\/eldiariodesanpedro.com.ar\/sitio\/wp-json\/wp\/v2\/users\/4"}],"replies":[{"embeddable":true,"href":"https:\/\/eldiariodesanpedro.com.ar\/sitio\/wp-json\/wp\/v2\/comments?post=33920"}],"version-history":[{"count":1,"href":"https:\/\/eldiariodesanpedro.com.ar\/sitio\/wp-json\/wp\/v2\/posts\/33920\/revisions"}],"predecessor-version":[{"id":33924,"href":"https:\/\/eldiariodesanpedro.com.ar\/sitio\/wp-json\/wp\/v2\/posts\/33920\/revisions\/33924"}],"wp:featuredmedia":[{"embeddable":true,"href":"https:\/\/eldiariodesanpedro.com.ar\/sitio\/wp-json\/wp\/v2\/media\/33923"}],"wp:attachment":[{"href":"https:\/\/eldiariodesanpedro.com.ar\/sitio\/wp-json\/wp\/v2\/media?parent=33920"}],"wp:term":[{"taxonomy":"category","embeddable":true,"href":"https:\/\/eldiariodesanpedro.com.ar\/sitio\/wp-json\/wp\/v2\/categories?post=33920"},{"taxonomy":"post_tag","embeddable":true,"href":"https:\/\/eldiariodesanpedro.com.ar\/sitio\/wp-json\/wp\/v2\/tags?post=33920"}],"curies":[{"name":"wp","href":"https:\/\/api.w.org\/{rel}","templated":true}]}}