{"id":33917,"date":"2018-05-30T18:24:12","date_gmt":"2018-05-30T21:24:12","guid":{"rendered":"https:\/\/eldiariodesanpedro.com.ar\/sitio\/?p=33917"},"modified":"2018-05-30T18:24:12","modified_gmt":"2018-05-30T21:24:12","slug":"se-celebrara-el-dia-del-bombero-voluntario-el-proximo-sabado-video","status":"publish","type":"post","link":"https:\/\/eldiariodesanpedro.com.ar\/sitio\/se-celebrara-el-dia-del-bombero-voluntario-el-proximo-sabado-video\/","title":{"rendered":"Se celebrara el D\u00eda del Bombero Voluntario el pr\u00f3ximo s\u00e1bado (video)"},"content":{"rendered":"<p><!-- VideographyWP Plugin Message: Automatic video embedding prevented by plugin options. --><br \/>\nEl pr\u00f3ximo s\u00e1bado 2 de junio se celebra el D\u00eda del Bombero Voluntario y se desarrollar\u00e1 un evento en el Paseo P\u00fablico donde grandes y ni\u00f1os podr\u00e1n ser bomberos por un d\u00eda. La entrada es libre y gratuita y ser\u00e1 de 15 a 17 hs.<\/p>\n<p>  El Diario de San Pedro convers\u00f3 con Silvio Torrens Comandante Mayor y Jefe del Cuerpo de Bomberos Voluntarios de San Pedro con motivo de esta celebraci\u00f3n.<\/p>\n<p>  Las actividades comenzar\u00e1n a las 8 hs. en el Cuartel Central, d\u00f3nde har\u00e1n el acto tradicional como es habitual a\u00f1o tras a\u00f1o. Para el mismo toda la poblaci\u00f3n est\u00e1 invitada y debe acercarse al Cuartel en el horario indicado. Tambi\u00e9n, se realizar\u00e1 otro acto en el Destacamento de Gobernador Castro, pero a las 10.30 de la ma\u00f1ana. <\/p>\n<p>  Por la tarde, a partir de las 15 y hasta las 17 hs. van a estar en el Paseo P\u00fablico realizando actividades para acercar a la poblaci\u00f3n a las actividades habituales de los Bomberos. \u201cLa idea es mostrar los materiales y m\u00f3viles con los que convivimos y trabajamos y, compartir el d\u00eda con quienes asistan. Mostraremos un poco de cada especialidad de bomberos y haremos juegos como tirolesa, tirar agua, ponerse el casco que utilizamos, entre otras\u201d detall\u00f3 Torrens y cont\u00f3 \u201cEste a\u00f1o es la primera vez que hacemos este tipo de actividad para el d\u00eda nuestro y por eso lo hemos llamado \u201cBomberos por un d\u00eda\u201d, para que los que vayan, adultos o ni\u00f1os, puedan disfrutar o entender cu\u00e1l es nuestra actividad y, que los chicos puedan ir y disfrutar de la autobomba, de ponerse un traje, de tirar un poquito de agua, sacarse fotos, hacer una tirolesa; todas actividades referentes a Bomberos\u201d.<\/p>\n<p><iframe data-src=\"https:\/\/www.facebook.com\/plugins\/video.php?href=https%3A%2F%2Fwww.facebook.com%2Feldiario.desanpedro%2Fvideos%2F775009272708214%2F&#038;show_text=0&#038;width=560\" width=\"560\" height=\"315\" style=\"border:none;overflow:hidden\" scrolling=\"no\" frameborder=\"0\" allowTransparency=\"true\" allowFullScreen=\"true\" src=\"data:image\/svg+xml;base64,PHN2ZyB3aWR0aD0iMSIgaGVpZ2h0PSIxIiB4bWxucz0iaHR0cDovL3d3dy53My5vcmcvMjAwMC9zdmciPjwvc3ZnPg==\" class=\"lazyload\" data-load-mode=\"1\"><\/iframe><\/p>\n","protected":false},"excerpt":{"rendered":"<p>El pr\u00f3ximo s\u00e1bado 2 de junio se celebra el D\u00eda del Bombero Voluntario y se desarrollar\u00e1 un evento en el Paseo P\u00fablico donde grandes y ni\u00f1os podr\u00e1n ser bomberos por un d\u00eda. La entrada es libre y gratuita y ser\u00e1 de 15 a 17 hs. El Diario de San Pedro convers\u00f3 con Silvio Torrens Comandante [&hellip;]<\/p>\n","protected":false},"author":4,"featured_media":18227,"comment_status":"open","ping_status":"closed","sticky":false,"template":"","format":"standard","meta":{"om_disable_all_campaigns":false,"_jetpack_memberships_contains_paid_content":false,"footnotes":""},"categories":[50,101,2],"tags":[],"class_list":["post-33917","post","type-post","status-publish","format-standard","has-post-thumbnail","hentry","category-destacadas","category-interes-general-locales","category-locales"],"aioseo_notices":[],"gutentor_comment":0,"jetpack_featured_media_url":"https:\/\/eldiariodesanpedro.com.ar\/sitio\/wp-content\/uploads\/2017\/05\/bomberos-san-pedro-1.jpg","jetpack_shortlink":"https:\/\/wp.me\/p6RhLt-8P3","jetpack_sharing_enabled":true,"_links":{"self":[{"href":"https:\/\/eldiariodesanpedro.com.ar\/sitio\/wp-json\/wp\/v2\/posts\/33917","targetHints":{"allow":["GET"]}}],"collection":[{"href":"https:\/\/eldiariodesanpedro.com.ar\/sitio\/wp-json\/wp\/v2\/posts"}],"about":[{"href":"https:\/\/eldiariodesanpedro.com.ar\/sitio\/wp-json\/wp\/v2\/types\/post"}],"author":[{"embeddable":true,"href":"https:\/\/eldiariodesanpedro.com.ar\/sitio\/wp-json\/wp\/v2\/users\/4"}],"replies":[{"embeddable":true,"href":"https:\/\/eldiariodesanpedro.com.ar\/sitio\/wp-json\/wp\/v2\/comments?post=33917"}],"version-history":[{"count":1,"href":"https:\/\/eldiariodesanpedro.com.ar\/sitio\/wp-json\/wp\/v2\/posts\/33917\/revisions"}],"predecessor-version":[{"id":33918,"href":"https:\/\/eldiariodesanpedro.com.ar\/sitio\/wp-json\/wp\/v2\/posts\/33917\/revisions\/33918"}],"wp:featuredmedia":[{"embeddable":true,"href":"https:\/\/eldiariodesanpedro.com.ar\/sitio\/wp-json\/wp\/v2\/media\/18227"}],"wp:attachment":[{"href":"https:\/\/eldiariodesanpedro.com.ar\/sitio\/wp-json\/wp\/v2\/media?parent=33917"}],"wp:term":[{"taxonomy":"category","embeddable":true,"href":"https:\/\/eldiariodesanpedro.com.ar\/sitio\/wp-json\/wp\/v2\/categories?post=33917"},{"taxonomy":"post_tag","embeddable":true,"href":"https:\/\/eldiariodesanpedro.com.ar\/sitio\/wp-json\/wp\/v2\/tags?post=33917"}],"curies":[{"name":"wp","href":"https:\/\/api.w.org\/{rel}","templated":true}]}}