{"id":33914,"date":"2018-05-30T17:18:36","date_gmt":"2018-05-30T20:18:36","guid":{"rendered":"https:\/\/eldiariodesanpedro.com.ar\/sitio\/?p=33914"},"modified":"2018-05-30T17:18:36","modified_gmt":"2018-05-30T20:18:36","slug":"baradero-llego-el-dia-ian-sera-operado-para-colocarle-su-implante-coclear","status":"publish","type":"post","link":"https:\/\/eldiariodesanpedro.com.ar\/sitio\/baradero-llego-el-dia-ian-sera-operado-para-colocarle-su-implante-coclear\/","title":{"rendered":"BARADERO: Lleg\u00f3 el d\u00eda, Ian ser\u00e1 operado para colocarle su implante coclear"},"content":{"rendered":"<p><!-- VideographyWP Plugin Message: Automatic video embedding prevented by plugin options. --><br \/>\nIan Su\u00e1rez naci\u00f3 con una aguda hipoacusia y la comunidad de Baradero siempre colabor\u00f3 con sus tratamientos. Maira D\u00edaz, su mam\u00e1, ha realizado rifas durante todo este tiempo para solventar los viajes en sus diferentes tratamientos y estudios. Este mi\u00e9rcoles ser\u00e1 internado para ma\u00f1ana a las 8 ser finalmente operado.<\/p>\n<p>La fecha lamentablemente se modific\u00f3 porque su implante primero qued\u00f3 demorado en la Aduana y luego no se realizaba el pago a la droguer\u00eda por parte del Ministerio de Salud de la Naci\u00f3n.<\/p>\n<p>Todo eso finalmente qued\u00f3 atr\u00e1s y Maira cont\u00f3 esta ma\u00f1ana en 105.7 Tu Radio que este mi\u00e9rcoles ya comienza la recta final.<\/p>\n<p>La intervenci\u00f3n quir\u00fargica ser\u00e1 la colocaci\u00f3n del implante en s\u00ed. Es decir, la parte que debe quedar colocada en el cr\u00e1neo, que sera la placa con im\u00e1n que sostendr\u00e1, luego de cicatrizar, el aud\u00edfono externo.<\/p>\n<p>El aud\u00edfono ser\u00e1 colocado en un mes, una vez que sane completamente la colocaci\u00f3n que se realizar\u00e1 este jueves. <\/p>\n<p>Fuente: Tu Linea Directa<\/p>\n","protected":false},"excerpt":{"rendered":"<p>Ian Su\u00e1rez naci\u00f3 con una aguda hipoacusia y la comunidad de Baradero siempre colabor\u00f3 con sus tratamientos. Maira D\u00edaz, su mam\u00e1, ha realizado rifas durante todo este tiempo para solventar los viajes en sus diferentes tratamientos y estudios. Este mi\u00e9rcoles ser\u00e1 internado para ma\u00f1ana a las 8 ser finalmente operado. La fecha lamentablemente se modific\u00f3 [&hellip;]<\/p>\n","protected":false},"author":4,"featured_media":33915,"comment_status":"open","ping_status":"closed","sticky":false,"template":"","format":"standard","meta":{"om_disable_all_campaigns":false,"_jetpack_memberships_contains_paid_content":false,"footnotes":""},"categories":[621],"tags":[],"class_list":["post-33914","post","type-post","status-publish","format-standard","has-post-thumbnail","hentry","category-regionales"],"aioseo_notices":[],"gutentor_comment":0,"jetpack_featured_media_url":"https:\/\/eldiariodesanpedro.com.ar\/sitio\/wp-content\/uploads\/2018\/05\/PAGINA-7-4.jpg","jetpack_shortlink":"https:\/\/wp.me\/p6RhLt-8P0","jetpack_sharing_enabled":true,"_links":{"self":[{"href":"https:\/\/eldiariodesanpedro.com.ar\/sitio\/wp-json\/wp\/v2\/posts\/33914","targetHints":{"allow":["GET"]}}],"collection":[{"href":"https:\/\/eldiariodesanpedro.com.ar\/sitio\/wp-json\/wp\/v2\/posts"}],"about":[{"href":"https:\/\/eldiariodesanpedro.com.ar\/sitio\/wp-json\/wp\/v2\/types\/post"}],"author":[{"embeddable":true,"href":"https:\/\/eldiariodesanpedro.com.ar\/sitio\/wp-json\/wp\/v2\/users\/4"}],"replies":[{"embeddable":true,"href":"https:\/\/eldiariodesanpedro.com.ar\/sitio\/wp-json\/wp\/v2\/comments?post=33914"}],"version-history":[{"count":1,"href":"https:\/\/eldiariodesanpedro.com.ar\/sitio\/wp-json\/wp\/v2\/posts\/33914\/revisions"}],"predecessor-version":[{"id":33916,"href":"https:\/\/eldiariodesanpedro.com.ar\/sitio\/wp-json\/wp\/v2\/posts\/33914\/revisions\/33916"}],"wp:featuredmedia":[{"embeddable":true,"href":"https:\/\/eldiariodesanpedro.com.ar\/sitio\/wp-json\/wp\/v2\/media\/33915"}],"wp:attachment":[{"href":"https:\/\/eldiariodesanpedro.com.ar\/sitio\/wp-json\/wp\/v2\/media?parent=33914"}],"wp:term":[{"taxonomy":"category","embeddable":true,"href":"https:\/\/eldiariodesanpedro.com.ar\/sitio\/wp-json\/wp\/v2\/categories?post=33914"},{"taxonomy":"post_tag","embeddable":true,"href":"https:\/\/eldiariodesanpedro.com.ar\/sitio\/wp-json\/wp\/v2\/tags?post=33914"}],"curies":[{"name":"wp","href":"https:\/\/api.w.org\/{rel}","templated":true}]}}