{"id":33911,"date":"2018-05-30T17:15:58","date_gmt":"2018-05-30T20:15:58","guid":{"rendered":"https:\/\/eldiariodesanpedro.com.ar\/sitio\/?p=33911"},"modified":"2018-05-30T17:15:58","modified_gmt":"2018-05-30T20:15:58","slug":"ramallo-nueva-maquinaria-para-mejorar-el-espacio-publico","status":"publish","type":"post","link":"https:\/\/eldiariodesanpedro.com.ar\/sitio\/ramallo-nueva-maquinaria-para-mejorar-el-espacio-publico\/","title":{"rendered":"RAMALLO: Nueva maquinaria para mejorar el espacio p\u00fablico"},"content":{"rendered":"<p><!-- VideographyWP Plugin Message: Automatic video embedding prevented by plugin options. --><br \/>\nEl intendente Mauro David Poletti, junto al secretario de Obras y Servicios P\u00fablicos, Leandro Torri, presentaron ante a la prensa las nuevas maquinarias de \u00faltima generaci\u00f3n adquiridas por la comuna.<\/p>\n<p>Se trata de tres aspiradoras y trituradoras de hojas de la empresa Micelli S. A.<\/p>\n<p>\u201cEstas aspiradoras de hojas se van a utilizar para complementar el trabajo de la barredora y del barrido manual que llevan adelante los empleados municipales\u201d, coment\u00f3 el jefe comunal.<\/p>\n<p>Y recalc\u00f3 que \u201cel objetivo es continuar colaborando en la limpieza de todo el espacio p\u00fablico de las diferentes localidades\u201d.<\/p>\n<p>El monto de la inversi\u00f3n es de 225 mil pesos y se estima que se reducir\u00e1 el trabajo de recolecci\u00f3n en un 40 % con lo cual se podr\u00e1 limpiar m\u00e1s en menor tiempo los diferentes espacios p\u00fablicos y barrios de las localidades.<\/p>\n<p>Fuente: Ramallo Ciudad<\/p>\n","protected":false},"excerpt":{"rendered":"<p>El intendente Mauro David Poletti, junto al secretario de Obras y Servicios P\u00fablicos, Leandro Torri, presentaron ante a la prensa las nuevas maquinarias de \u00faltima generaci\u00f3n adquiridas por la comuna. Se trata de tres aspiradoras y trituradoras de hojas de la empresa Micelli S. A. \u201cEstas aspiradoras de hojas se van a utilizar para complementar [&hellip;]<\/p>\n","protected":false},"author":4,"featured_media":33912,"comment_status":"open","ping_status":"closed","sticky":false,"template":"","format":"standard","meta":{"om_disable_all_campaigns":false,"_jetpack_memberships_contains_paid_content":false,"footnotes":""},"categories":[621],"tags":[],"class_list":["post-33911","post","type-post","status-publish","format-standard","has-post-thumbnail","hentry","category-regionales"],"aioseo_notices":[],"gutentor_comment":0,"jetpack_featured_media_url":"https:\/\/eldiariodesanpedro.com.ar\/sitio\/wp-content\/uploads\/2018\/05\/bbx_456328938_1_maquinaaspi.jpeg","jetpack_shortlink":"https:\/\/wp.me\/p6RhLt-8OX","jetpack_sharing_enabled":true,"_links":{"self":[{"href":"https:\/\/eldiariodesanpedro.com.ar\/sitio\/wp-json\/wp\/v2\/posts\/33911","targetHints":{"allow":["GET"]}}],"collection":[{"href":"https:\/\/eldiariodesanpedro.com.ar\/sitio\/wp-json\/wp\/v2\/posts"}],"about":[{"href":"https:\/\/eldiariodesanpedro.com.ar\/sitio\/wp-json\/wp\/v2\/types\/post"}],"author":[{"embeddable":true,"href":"https:\/\/eldiariodesanpedro.com.ar\/sitio\/wp-json\/wp\/v2\/users\/4"}],"replies":[{"embeddable":true,"href":"https:\/\/eldiariodesanpedro.com.ar\/sitio\/wp-json\/wp\/v2\/comments?post=33911"}],"version-history":[{"count":1,"href":"https:\/\/eldiariodesanpedro.com.ar\/sitio\/wp-json\/wp\/v2\/posts\/33911\/revisions"}],"predecessor-version":[{"id":33913,"href":"https:\/\/eldiariodesanpedro.com.ar\/sitio\/wp-json\/wp\/v2\/posts\/33911\/revisions\/33913"}],"wp:featuredmedia":[{"embeddable":true,"href":"https:\/\/eldiariodesanpedro.com.ar\/sitio\/wp-json\/wp\/v2\/media\/33912"}],"wp:attachment":[{"href":"https:\/\/eldiariodesanpedro.com.ar\/sitio\/wp-json\/wp\/v2\/media?parent=33911"}],"wp:term":[{"taxonomy":"category","embeddable":true,"href":"https:\/\/eldiariodesanpedro.com.ar\/sitio\/wp-json\/wp\/v2\/categories?post=33911"},{"taxonomy":"post_tag","embeddable":true,"href":"https:\/\/eldiariodesanpedro.com.ar\/sitio\/wp-json\/wp\/v2\/tags?post=33911"}],"curies":[{"name":"wp","href":"https:\/\/api.w.org\/{rel}","templated":true}]}}