{"id":33908,"date":"2018-05-30T17:14:00","date_gmt":"2018-05-30T20:14:00","guid":{"rendered":"https:\/\/eldiariodesanpedro.com.ar\/sitio\/?p=33908"},"modified":"2018-05-30T17:14:00","modified_gmt":"2018-05-30T20:14:00","slug":"campana-la-ddi-zarate-campana-desbarato-una-banda-dedicada-a-la-venta-de-autopartes","status":"publish","type":"post","link":"https:\/\/eldiariodesanpedro.com.ar\/sitio\/campana-la-ddi-zarate-campana-desbarato-una-banda-dedicada-a-la-venta-de-autopartes\/","title":{"rendered":"CAMPANA: La DDI Z\u00e1rate Campana desbarat\u00f3 una banda dedicada a la venta de autopartes"},"content":{"rendered":"<p><!-- VideographyWP Plugin Message: Automatic video embedding prevented by plugin options. --><br \/>\nVarios allanamientos tuvieron lugar ayer en el barrio San Cayetano. Lograron recuperarse cuatro autos y seis motos, todos con pedido de secuestro y numeraci\u00f3n adulterada, junto a un gran n\u00famero de autopartes. Dos personas fueron detenidas.<\/p>\n<p>En el marco de una investigaci\u00f3n llevada a cabo por la DDI Z\u00e1rate Campana, a trav\u00e9s de una causa por robo automotor (inf. art. 289 CP) y encubrimientos reiterados, radicada en la UFI N\u00b0 2 a cargo del Dr. Alejandro Irigoyen, tuvieron lugar en el barrio San Cayetano una serie de allanamientos, que posibilit\u00f3 la detenci\u00f3n de dos sujetos.<\/p>\n<p>Tras la autorizaci\u00f3n judicial del Juzgado de Garant\u00edas N\u00b02, a cargo del Dr. Julio Andr\u00e9s Grassi, efectivos policiales irrumpieron primero en una vivienda de la calle Tomas Murray al 200, donde se procedi\u00f3 al secuestro de tres autos (un Chevrolet Astra, un Fiat Palio, un Fiat Marea y un Renault 19, todos con irregularidades en su numeraci\u00f3n y registro, y con pedido de secuestro por robo o hurto) junto con dos motores, uno de auto y otro de moto, con numeraci\u00f3n adulterada, adem\u00e1s de autopartes varias de diferentes marcas y modelos, como puertas, tapa ba\u00fal y capot, repuestos, etc.<\/p>\n<p>Tambi\u00e9n se allanaron domicilios contiguos a la primera vivienda. All\u00ed se incautaron media docena de motos (Honda CB 1, dos Zanella ZB 110, Brava 110, y dos Yamaha 100, tambi\u00e9n con irregularidades dominiales.<\/p>\n<p>Durante el procedimiento, fueron detenidos dos sujetos de 35 y 38 a\u00f1os, siendo aprehendidos por encubrimiento de robo y hurto automotor agravado por habitualidad, quedando a disposici\u00f3n de la Justicia interviniente.<\/p>\n<p>Fuente: Campana Noticias<\/p>\n","protected":false},"excerpt":{"rendered":"<p>Varios allanamientos tuvieron lugar ayer en el barrio San Cayetano. Lograron recuperarse cuatro autos y seis motos, todos con pedido de secuestro y numeraci\u00f3n adulterada, junto a un gran n\u00famero de autopartes. Dos personas fueron detenidas. En el marco de una investigaci\u00f3n llevada a cabo por la DDI Z\u00e1rate Campana, a trav\u00e9s de una causa [&hellip;]<\/p>\n","protected":false},"author":4,"featured_media":33909,"comment_status":"open","ping_status":"closed","sticky":false,"template":"","format":"standard","meta":{"om_disable_all_campaigns":false,"_jetpack_memberships_contains_paid_content":false,"footnotes":""},"categories":[621],"tags":[],"class_list":["post-33908","post","type-post","status-publish","format-standard","has-post-thumbnail","hentry","category-regionales"],"aioseo_notices":[],"gutentor_comment":0,"jetpack_featured_media_url":"https:\/\/eldiariodesanpedro.com.ar\/sitio\/wp-content\/uploads\/2018\/05\/20180530082417.jpg","jetpack_shortlink":"https:\/\/wp.me\/p6RhLt-8OU","jetpack_sharing_enabled":true,"_links":{"self":[{"href":"https:\/\/eldiariodesanpedro.com.ar\/sitio\/wp-json\/wp\/v2\/posts\/33908","targetHints":{"allow":["GET"]}}],"collection":[{"href":"https:\/\/eldiariodesanpedro.com.ar\/sitio\/wp-json\/wp\/v2\/posts"}],"about":[{"href":"https:\/\/eldiariodesanpedro.com.ar\/sitio\/wp-json\/wp\/v2\/types\/post"}],"author":[{"embeddable":true,"href":"https:\/\/eldiariodesanpedro.com.ar\/sitio\/wp-json\/wp\/v2\/users\/4"}],"replies":[{"embeddable":true,"href":"https:\/\/eldiariodesanpedro.com.ar\/sitio\/wp-json\/wp\/v2\/comments?post=33908"}],"version-history":[{"count":1,"href":"https:\/\/eldiariodesanpedro.com.ar\/sitio\/wp-json\/wp\/v2\/posts\/33908\/revisions"}],"predecessor-version":[{"id":33910,"href":"https:\/\/eldiariodesanpedro.com.ar\/sitio\/wp-json\/wp\/v2\/posts\/33908\/revisions\/33910"}],"wp:featuredmedia":[{"embeddable":true,"href":"https:\/\/eldiariodesanpedro.com.ar\/sitio\/wp-json\/wp\/v2\/media\/33909"}],"wp:attachment":[{"href":"https:\/\/eldiariodesanpedro.com.ar\/sitio\/wp-json\/wp\/v2\/media?parent=33908"}],"wp:term":[{"taxonomy":"category","embeddable":true,"href":"https:\/\/eldiariodesanpedro.com.ar\/sitio\/wp-json\/wp\/v2\/categories?post=33908"},{"taxonomy":"post_tag","embeddable":true,"href":"https:\/\/eldiariodesanpedro.com.ar\/sitio\/wp-json\/wp\/v2\/tags?post=33908"}],"curies":[{"name":"wp","href":"https:\/\/api.w.org\/{rel}","templated":true}]}}