{"id":33905,"date":"2018-05-30T17:11:32","date_gmt":"2018-05-30T20:11:32","guid":{"rendered":"https:\/\/eldiariodesanpedro.com.ar\/sitio\/?p=33905"},"modified":"2018-05-30T17:11:32","modified_gmt":"2018-05-30T20:11:32","slug":"escobar-un-tren-colisiono-un-auto","status":"publish","type":"post","link":"https:\/\/eldiariodesanpedro.com.ar\/sitio\/escobar-un-tren-colisiono-un-auto\/","title":{"rendered":"ESCOBAR: Un tren colision\u00f3 un auto"},"content":{"rendered":"<p><!-- VideographyWP Plugin Message: Automatic video embedding prevented by plugin options. --><br \/>\nEn horas de la noche del domingo, una formaci\u00f3n f\u00e9rrea colision\u00f3 contra un autom\u00f3vil en Av. Belgrano y las v\u00edas, en la ciudad de Gar\u00edn. De acuerdo a trascendidos, las barreras estaban bajas y el autom\u00f3vil cruz\u00f3 sin advertir la presencia del tren. El conductor del rodado sufri\u00f3 politraumatismos, sin riesgo de vida.<\/p>\n<p>A las 22.45 de ese d\u00eda, el Cuartel de Bomberos Voluntarios de Gar\u00edn, recibi\u00f3 un llamado telef\u00f3nico de un operador del centro de monitoreo, alertando el accidente.<\/p>\n<p>Seg\u00fan informaron fuentes oficiales, el tren ven\u00eda desde Victoria y ten\u00eda como destino, Capilla del Se\u00f1or, por lo que estaba llegando a la estaci\u00f3n y hab\u00eda bajado la velocidad.<\/p>\n<p>Los voluntarios garinenses se desplazaron hasta el lugar en tres m\u00f3viles:  33, 35 y 37. All\u00ed se encontraron con que el rodado, un Chevrolet Cruze gris -DDT 071- hab\u00eda sido impactado en la puerta del acompa\u00f1ante y su conductor, de 40 a\u00f1os de edad, fue trasladado por el m\u00f3vil 32 a la UDP de Gar\u00edn, politraumatizado.<\/p>\n<p>El operativo estuvo a cargo del Jefe de Cuerpo, el Comandante Mayor, Adri\u00e1n Peralta.<\/p>\n<p>La calle se estuvo cortada por aproximadamente una hora y media, hasta que los servidores p\u00fablicos pudieron remover el veh\u00edculo de las v\u00edas, volviendo el tr\u00e1nsito a la normalidad.<\/p>\n<p>En las tareas tambi\u00e9n colabor\u00f3 Defensa Civil.<\/p>\n<p>Fuente: El Diario de Escobar<\/p>\n","protected":false},"excerpt":{"rendered":"<p>En horas de la noche del domingo, una formaci\u00f3n f\u00e9rrea colision\u00f3 contra un autom\u00f3vil en Av. Belgrano y las v\u00edas, en la ciudad de Gar\u00edn. De acuerdo a trascendidos, las barreras estaban bajas y el autom\u00f3vil cruz\u00f3 sin advertir la presencia del tren. El conductor del rodado sufri\u00f3 politraumatismos, sin riesgo de vida. A las [&hellip;]<\/p>\n","protected":false},"author":4,"featured_media":33906,"comment_status":"open","ping_status":"closed","sticky":false,"template":"","format":"standard","meta":{"om_disable_all_campaigns":false,"_jetpack_memberships_contains_paid_content":false,"footnotes":""},"categories":[2,103],"tags":[],"class_list":["post-33905","post","type-post","status-publish","format-standard","has-post-thumbnail","hentry","category-locales","category-policiales-locales"],"aioseo_notices":[],"gutentor_comment":0,"jetpack_featured_media_url":"https:\/\/eldiariodesanpedro.com.ar\/sitio\/wp-content\/uploads\/2018\/05\/PAGINA-6-DOS.jpg","jetpack_shortlink":"https:\/\/wp.me\/p6RhLt-8OR","jetpack_sharing_enabled":true,"_links":{"self":[{"href":"https:\/\/eldiariodesanpedro.com.ar\/sitio\/wp-json\/wp\/v2\/posts\/33905","targetHints":{"allow":["GET"]}}],"collection":[{"href":"https:\/\/eldiariodesanpedro.com.ar\/sitio\/wp-json\/wp\/v2\/posts"}],"about":[{"href":"https:\/\/eldiariodesanpedro.com.ar\/sitio\/wp-json\/wp\/v2\/types\/post"}],"author":[{"embeddable":true,"href":"https:\/\/eldiariodesanpedro.com.ar\/sitio\/wp-json\/wp\/v2\/users\/4"}],"replies":[{"embeddable":true,"href":"https:\/\/eldiariodesanpedro.com.ar\/sitio\/wp-json\/wp\/v2\/comments?post=33905"}],"version-history":[{"count":1,"href":"https:\/\/eldiariodesanpedro.com.ar\/sitio\/wp-json\/wp\/v2\/posts\/33905\/revisions"}],"predecessor-version":[{"id":33907,"href":"https:\/\/eldiariodesanpedro.com.ar\/sitio\/wp-json\/wp\/v2\/posts\/33905\/revisions\/33907"}],"wp:featuredmedia":[{"embeddable":true,"href":"https:\/\/eldiariodesanpedro.com.ar\/sitio\/wp-json\/wp\/v2\/media\/33906"}],"wp:attachment":[{"href":"https:\/\/eldiariodesanpedro.com.ar\/sitio\/wp-json\/wp\/v2\/media?parent=33905"}],"wp:term":[{"taxonomy":"category","embeddable":true,"href":"https:\/\/eldiariodesanpedro.com.ar\/sitio\/wp-json\/wp\/v2\/categories?post=33905"},{"taxonomy":"post_tag","embeddable":true,"href":"https:\/\/eldiariodesanpedro.com.ar\/sitio\/wp-json\/wp\/v2\/tags?post=33905"}],"curies":[{"name":"wp","href":"https:\/\/api.w.org\/{rel}","templated":true}]}}