{"id":33902,"date":"2018-05-30T17:01:02","date_gmt":"2018-05-30T20:01:02","guid":{"rendered":"https:\/\/eldiariodesanpedro.com.ar\/sitio\/?p=33902"},"modified":"2018-05-30T17:01:02","modified_gmt":"2018-05-30T20:01:02","slug":"san-nicolas-se-estaba-mudando-y-le-robaron-los-bolsos-con-ropa","status":"publish","type":"post","link":"https:\/\/eldiariodesanpedro.com.ar\/sitio\/san-nicolas-se-estaba-mudando-y-le-robaron-los-bolsos-con-ropa\/","title":{"rendered":"SAN NICOL\u00c1S: Se estaba mudando y le robaron los bolsos con ropa"},"content":{"rendered":"<p><!-- VideographyWP Plugin Message: Automatic video embedding prevented by plugin options. --><br \/>\nEn momentos en que una familia estaba realizando la mudanza, sujetos desconocidos le sustrajeron bolsos con ropa. Tras tareas investigativas se realiz\u00f3 un allanamiento de urgencia y se recuper\u00f3 lo hurtado.<br \/>\nTodo el mundo sabe que un nuevo hogar conlleva una nueva esperanza, nuevos sue\u00f1os y proyectos, pero que lo m\u00e1s pesado de ese tr\u00e1mite es la mudanza, considerada como una de las mayores causas de estr\u00e9s en el mundo y ni hablar si aparte a uno lo roban en el momento en que la est\u00e1 realizando. Eso fue lo que le sucedi\u00f3 a una familia de calle Balcarce, entre Avda. Falc\u00f3n y Juan B. Justo el pasado jueves. En el momento en el que el propietario hab\u00eda sacado varios bolsos de ropa para cargarlos en la camioneta es que se encontr\u00f3 con la desagradable sorpresa. La v\u00edctima estaba cargando bolsones en su veh\u00edculo para ir llev\u00e1ndolos de a poco a su nuevo hogar y dej\u00f3 en la vereda varios de los mismos para entrar a buscar m\u00e1s. Fue cuando sali\u00f3 con la nueva carga que se encontr\u00f3 con que sujetos desconocidos le hab\u00edan llevado los bolsos.<\/p>\n<p>Investigaci\u00f3n<br \/>\nA partir de la denuncia del robo comenz\u00f3 la investigaci\u00f3n por parte de la polic\u00eda y el di\u00e1logo con los vecinos para saber qui\u00e9n hab\u00eda visto algo. En la tarde del lunes, los investigadores tuvieron un dato aparentemente certero de d\u00f3nde pod\u00edan encontrase las cosas robadas y los probables autores.<br \/>\nCon la informaci\u00f3n en mano, personal del Gabinete de Prevenci\u00f3n de la Comisaria San Nicol\u00e1s Primera, en actuaciones car\u00e1tulas \u201churto\u201d procedi\u00f3 a dar cumplimiento a una orden de allanamiento de urgencia en Av. Moreno otorgada por la titular de la UFI N 3 de este Departamento Judicial.<br \/>\nEn ese sitio se procedi\u00f3 al secuestro de dos bolsones con vestimenta masculina, doce cajas de zapatillas marca Nike y Adidas y un tel\u00e9fono celular marca Samsung J7 todo perteneciente al denunciante. Comunicado Magistrado de Intervenci\u00f3n dispuso no se adopten medidas legales para con el propietario del domicilio de 65 a\u00f1os de edad. La investigaci\u00f3n contin\u00faa para corroborar su participaci\u00f3n en el hurto.<br \/>\nFuente: Diario El Norte<\/p>\n","protected":false},"excerpt":{"rendered":"<p>En momentos en que una familia estaba realizando la mudanza, sujetos desconocidos le sustrajeron bolsos con ropa. Tras tareas investigativas se realiz\u00f3 un allanamiento de urgencia y se recuper\u00f3 lo hurtado. Todo el mundo sabe que un nuevo hogar conlleva una nueva esperanza, nuevos sue\u00f1os y proyectos, pero que lo m\u00e1s pesado de ese tr\u00e1mite [&hellip;]<\/p>\n","protected":false},"author":4,"featured_media":33903,"comment_status":"open","ping_status":"closed","sticky":false,"template":"","format":"standard","meta":{"om_disable_all_campaigns":false,"_jetpack_memberships_contains_paid_content":false,"footnotes":""},"categories":[621],"tags":[],"class_list":["post-33902","post","type-post","status-publish","format-standard","has-post-thumbnail","hentry","category-regionales"],"aioseo_notices":[],"gutentor_comment":0,"jetpack_featured_media_url":"https:\/\/eldiariodesanpedro.com.ar\/sitio\/wp-content\/uploads\/2018\/05\/PAGINA-6-UNO-2.jpg","jetpack_shortlink":"https:\/\/wp.me\/p6RhLt-8OO","jetpack_sharing_enabled":true,"_links":{"self":[{"href":"https:\/\/eldiariodesanpedro.com.ar\/sitio\/wp-json\/wp\/v2\/posts\/33902","targetHints":{"allow":["GET"]}}],"collection":[{"href":"https:\/\/eldiariodesanpedro.com.ar\/sitio\/wp-json\/wp\/v2\/posts"}],"about":[{"href":"https:\/\/eldiariodesanpedro.com.ar\/sitio\/wp-json\/wp\/v2\/types\/post"}],"author":[{"embeddable":true,"href":"https:\/\/eldiariodesanpedro.com.ar\/sitio\/wp-json\/wp\/v2\/users\/4"}],"replies":[{"embeddable":true,"href":"https:\/\/eldiariodesanpedro.com.ar\/sitio\/wp-json\/wp\/v2\/comments?post=33902"}],"version-history":[{"count":1,"href":"https:\/\/eldiariodesanpedro.com.ar\/sitio\/wp-json\/wp\/v2\/posts\/33902\/revisions"}],"predecessor-version":[{"id":33904,"href":"https:\/\/eldiariodesanpedro.com.ar\/sitio\/wp-json\/wp\/v2\/posts\/33902\/revisions\/33904"}],"wp:featuredmedia":[{"embeddable":true,"href":"https:\/\/eldiariodesanpedro.com.ar\/sitio\/wp-json\/wp\/v2\/media\/33903"}],"wp:attachment":[{"href":"https:\/\/eldiariodesanpedro.com.ar\/sitio\/wp-json\/wp\/v2\/media?parent=33902"}],"wp:term":[{"taxonomy":"category","embeddable":true,"href":"https:\/\/eldiariodesanpedro.com.ar\/sitio\/wp-json\/wp\/v2\/categories?post=33902"},{"taxonomy":"post_tag","embeddable":true,"href":"https:\/\/eldiariodesanpedro.com.ar\/sitio\/wp-json\/wp\/v2\/tags?post=33902"}],"curies":[{"name":"wp","href":"https:\/\/api.w.org\/{rel}","templated":true}]}}