{"id":33900,"date":"2018-05-30T10:01:32","date_gmt":"2018-05-30T13:01:32","guid":{"rendered":"https:\/\/eldiariodesanpedro.com.ar\/sitio\/?p=33900"},"modified":"2018-05-30T10:01:32","modified_gmt":"2018-05-30T13:01:32","slug":"dos-delincuentes-aprehendidos-por-intento-de-robo","status":"publish","type":"post","link":"https:\/\/eldiariodesanpedro.com.ar\/sitio\/dos-delincuentes-aprehendidos-por-intento-de-robo\/","title":{"rendered":"Dos delincuentes aprehendidos por intento de robo"},"content":{"rendered":"<p><!-- VideographyWP Plugin Message: Automatic video embedding prevented by plugin options. --><br \/>\nDos delincuentes trepaban un muro de una obra en construcci\u00f3n para intentar perpetrar un robo y fueron aprehendidos infraganti por la polic\u00eda.<\/p>\n<p>En horas de la madrugada personal policial sorprende infraganti a dos delincuentes que intentaban ingresar a una obra en construcci\u00f3n en calle Irlanda al 800. Se trataba de un menor de 17 a\u00f1os y un joven de 27 que en el momento que trepaban por un muro para ingresar a una obra en construcci\u00f3n en la cual intentaban perpetrar un robo. <\/p>\n<p>Ambos delincuentes fueron trasladados a la comisar\u00eda local donde luego declarar\u00e1n en la fiscal\u00eda.<\/p>\n","protected":false},"excerpt":{"rendered":"<p>Dos delincuentes trepaban un muro de una obra en construcci\u00f3n para intentar perpetrar un robo y fueron aprehendidos infraganti por la polic\u00eda. En horas de la madrugada personal policial sorprende infraganti a dos delincuentes que intentaban ingresar a una obra en construcci\u00f3n en calle Irlanda al 800. Se trataba de un menor de 17 a\u00f1os [&hellip;]<\/p>\n","protected":false},"author":4,"featured_media":33688,"comment_status":"open","ping_status":"closed","sticky":false,"template":"","format":"standard","meta":{"om_disable_all_campaigns":false,"_jetpack_memberships_contains_paid_content":false,"footnotes":""},"categories":[2,103],"tags":[],"class_list":["post-33900","post","type-post","status-publish","format-standard","has-post-thumbnail","hentry","category-locales","category-policiales-locales"],"aioseo_notices":[],"gutentor_comment":0,"jetpack_featured_media_url":"https:\/\/eldiariodesanpedro.com.ar\/sitio\/wp-content\/uploads\/2018\/05\/detenidos-4.jpg","jetpack_shortlink":"https:\/\/wp.me\/p6RhLt-8OM","jetpack_sharing_enabled":true,"_links":{"self":[{"href":"https:\/\/eldiariodesanpedro.com.ar\/sitio\/wp-json\/wp\/v2\/posts\/33900","targetHints":{"allow":["GET"]}}],"collection":[{"href":"https:\/\/eldiariodesanpedro.com.ar\/sitio\/wp-json\/wp\/v2\/posts"}],"about":[{"href":"https:\/\/eldiariodesanpedro.com.ar\/sitio\/wp-json\/wp\/v2\/types\/post"}],"author":[{"embeddable":true,"href":"https:\/\/eldiariodesanpedro.com.ar\/sitio\/wp-json\/wp\/v2\/users\/4"}],"replies":[{"embeddable":true,"href":"https:\/\/eldiariodesanpedro.com.ar\/sitio\/wp-json\/wp\/v2\/comments?post=33900"}],"version-history":[{"count":1,"href":"https:\/\/eldiariodesanpedro.com.ar\/sitio\/wp-json\/wp\/v2\/posts\/33900\/revisions"}],"predecessor-version":[{"id":33901,"href":"https:\/\/eldiariodesanpedro.com.ar\/sitio\/wp-json\/wp\/v2\/posts\/33900\/revisions\/33901"}],"wp:featuredmedia":[{"embeddable":true,"href":"https:\/\/eldiariodesanpedro.com.ar\/sitio\/wp-json\/wp\/v2\/media\/33688"}],"wp:attachment":[{"href":"https:\/\/eldiariodesanpedro.com.ar\/sitio\/wp-json\/wp\/v2\/media?parent=33900"}],"wp:term":[{"taxonomy":"category","embeddable":true,"href":"https:\/\/eldiariodesanpedro.com.ar\/sitio\/wp-json\/wp\/v2\/categories?post=33900"},{"taxonomy":"post_tag","embeddable":true,"href":"https:\/\/eldiariodesanpedro.com.ar\/sitio\/wp-json\/wp\/v2\/tags?post=33900"}],"curies":[{"name":"wp","href":"https:\/\/api.w.org\/{rel}","templated":true}]}}