{"id":33893,"date":"2018-05-29T20:38:15","date_gmt":"2018-05-29T23:38:15","guid":{"rendered":"https:\/\/eldiariodesanpedro.com.ar\/sitio\/?p=33893"},"modified":"2026-01-24T00:13:32","modified_gmt":"2026-01-24T03:13:32","slug":"ciclismo-agustin-basualdo-gano-en-san-pedro","status":"publish","type":"post","link":"https:\/\/eldiariodesanpedro.com.ar\/sitio\/ciclismo-agustin-basualdo-gano-en-san-pedro\/","title":{"rendered":"CICLISMO: Agust\u00edn Basualdo gan\u00f3 en San Pedro"},"content":{"rendered":"<p><!-- VideographyWP Plugin Message: Automatic video embedding prevented by plugin options. --><br \/>\n  La familia de las dos ruedas y Pro Ciclismo San Pedro, brind\u00f3 su emotivo homenaje, precisamente en el d\u00eda de la Patria, a los representantes de San Pedro, recientemente galardonados en los podios del Campeonato Argentino Junior disputado en Esperanza, Santa Fe, con medallas de Oro, Juan Jos\u00e9 Paz y Bronce, Nicol\u00e1s Culicinio y Estanislao Genoud.<\/p>\n<p>  Adem\u00e1s, un \u00f3ptimo espect\u00e1culo de velocidad y energ\u00eda ofrecido por la categor\u00eda Master \u00abC\u00bb y Mayores, como as\u00ed tambi\u00e9n mantenido durante una hora y media por los participantes de la competencia principal en el circuito Panor\u00e1mico del Oeste y estas fueron las clasificaciones oficiales del \u00abGran Premio Medallistas Sampedrino\u00bb: <\/p>\n<p><strong>VALIENTE<\/strong><br \/>\n1\u00ba Calixto Boaglio<br \/>\n2\u00ba Oscar Berventan<\/p>\n<p><strong>PE\u00d1A CICLISTAS SAMPEDRINOS<\/strong><br \/>\n1\u00ba Daniel Chipolini<br \/>\n2\u00ba Javier Gorbar\u00e1n<br \/>\n3\u00ba Ra\u00fal Canabal<br \/>\n4\u00ba Facundo Genoud<br \/>\n5\u00ba Eduardo Gonz\u00e1lez<\/p>\n<p><strong>M\u00c1STER D<\/strong><br \/>\n1\u00ba Roberto G\u00f3mez (Capilla del Se\u00f1or)<br \/>\n2\u00ba Carlos Raies (Pergamino)<br \/>\n3\u00ba Adalberto Acu\u00f1a (Z\u00e1rate)<br \/>\n4\u00ba Rub\u00e9n Morales (San Pedro)<br \/>\n5\u00ba Jorge Cannata (San Pedro)<\/p>\n<p><strong>INFANTILES<\/strong><br \/>\nParticiparon: Antonella De Pressa (Ituzaing\u00f3), Laureano Cardoso, Lucas Guerra, Renata Paz, Kevin Guerra, Gonzalo Paz, Justin Giuliani, Pedro Olivo y Fantino Giuliani.<\/p>\n<p><strong>MENORES<\/strong><br \/>\n1\u00ba Ignacio Garc\u00eda (Santa Luc\u00eda)<br \/>\n2\u00ba Mat\u00edas Quiroga (Arrecifes)<br \/>\n3\u00ba Valent\u00edn Manzo (San Pedro)<br \/>\n4\u00ba Cristian Dentela (Chacabuco)<br \/>\n5\u00aa Daniel Boaglio (Junior) (San Pedro)<\/p>\n<p><strong>M\u00c1STER C y MAYORES<\/strong><br \/>\n1\u00ba Adri\u00e1n Garc\u00eda (Venado Tuerto)<br \/>\n2\u00ba Pedro Marcelini (Col\u00f3n)<br \/>\n3\u00ba Miguel Oviedo (San Miguel)<br \/>\n4\u00ba Pablo Leone (San Pedro)<br \/>\n5\u00ba Argentino Fontana (Carlos Casares)<\/p>\n<p><strong> M\u00c1STER B<\/strong><br \/>\n1\u00ba Juan Pablo Villarruel (San Pedro)<br \/>\n2\u00ba Gabriel Toledo (J\u00e1uregui)<br \/>\n3\u00ba Mario Sbert (San Pedro)<\/p>\n<p><strong>PROMOCIONAL &#8211; M\u00c1STER A &#8211; B e INVITADOS<\/strong><br \/>\n1\u00ba Agust\u00edn Basualdo (San Pedro)<br \/>\n2\u00ba Juan Jos\u00e9 Paz (San Pedro)<br \/>\n3\u00ba Francisco Chipolini (San Pedro)<br \/>\n4\u00ba Lucas Cardoso (San Pedro)<br \/>\n5\u00ba Luciano Pereyra (Rosario)<\/p>\n<p>Ganadores Embalajes especiales: Agust\u00edn Basualdo, Mariano Manzo, Jerem\u00edas Mu\u00f1oz (San Andr\u00e9s de Giles), Federico Ojeda (Pergamino) y Juan Jos\u00e9 Paz.<\/p>\n","protected":false},"excerpt":{"rendered":"<p>La familia de las dos ruedas y Pro Ciclismo San Pedro, brind\u00f3 su emotivo homenaje, precisamente en el d\u00eda de la Patria, a los representantes de San Pedro, recientemente galardonados en los podios del Campeonato Argentino Junior disputado en Esperanza, Santa Fe, con medallas de Oro, Juan Jos\u00e9 Paz y Bronce, Nicol\u00e1s Culicinio y Estanislao [&hellip;]<\/p>\n","protected":false},"author":4,"featured_media":24046,"comment_status":"open","ping_status":"closed","sticky":false,"template":"","format":"standard","meta":{"om_disable_all_campaigns":false,"_jetpack_memberships_contains_paid_content":false,"footnotes":""},"categories":[5],"tags":[],"class_list":["post-33893","post","type-post","status-publish","format-standard","has-post-thumbnail","hentry","category-deportes"],"aioseo_notices":[],"gutentor_comment":0,"jetpack_featured_media_url":"https:\/\/eldiariodesanpedro.com.ar\/sitio\/wp-content\/uploads\/2017\/10\/ciclismo-2.jpg","jetpack_shortlink":"https:\/\/wp.me\/p6RhLt-8OF","jetpack_sharing_enabled":true,"_links":{"self":[{"href":"https:\/\/eldiariodesanpedro.com.ar\/sitio\/wp-json\/wp\/v2\/posts\/33893","targetHints":{"allow":["GET"]}}],"collection":[{"href":"https:\/\/eldiariodesanpedro.com.ar\/sitio\/wp-json\/wp\/v2\/posts"}],"about":[{"href":"https:\/\/eldiariodesanpedro.com.ar\/sitio\/wp-json\/wp\/v2\/types\/post"}],"author":[{"embeddable":true,"href":"https:\/\/eldiariodesanpedro.com.ar\/sitio\/wp-json\/wp\/v2\/users\/4"}],"replies":[{"embeddable":true,"href":"https:\/\/eldiariodesanpedro.com.ar\/sitio\/wp-json\/wp\/v2\/comments?post=33893"}],"version-history":[{"count":1,"href":"https:\/\/eldiariodesanpedro.com.ar\/sitio\/wp-json\/wp\/v2\/posts\/33893\/revisions"}],"predecessor-version":[{"id":33895,"href":"https:\/\/eldiariodesanpedro.com.ar\/sitio\/wp-json\/wp\/v2\/posts\/33893\/revisions\/33895"}],"wp:featuredmedia":[{"embeddable":true,"href":"https:\/\/eldiariodesanpedro.com.ar\/sitio\/wp-json\/wp\/v2\/media\/24046"}],"wp:attachment":[{"href":"https:\/\/eldiariodesanpedro.com.ar\/sitio\/wp-json\/wp\/v2\/media?parent=33893"}],"wp:term":[{"taxonomy":"category","embeddable":true,"href":"https:\/\/eldiariodesanpedro.com.ar\/sitio\/wp-json\/wp\/v2\/categories?post=33893"},{"taxonomy":"post_tag","embeddable":true,"href":"https:\/\/eldiariodesanpedro.com.ar\/sitio\/wp-json\/wp\/v2\/tags?post=33893"}],"curies":[{"name":"wp","href":"https:\/\/api.w.org\/{rel}","templated":true}]}}