{"id":33884,"date":"2018-05-29T20:30:16","date_gmt":"2018-05-29T23:30:16","guid":{"rendered":"https:\/\/eldiariodesanpedro.com.ar\/sitio\/?p=33884"},"modified":"2018-05-29T20:30:16","modified_gmt":"2018-05-29T23:30:16","slug":"se-entregaron-3-nuevos-moviles-policiales","status":"publish","type":"post","link":"https:\/\/eldiariodesanpedro.com.ar\/sitio\/se-entregaron-3-nuevos-moviles-policiales\/","title":{"rendered":"Se entregaron 3 nuevos m\u00f3viles policiales"},"content":{"rendered":"<p><!-- VideographyWP Plugin Message: Automatic video embedding prevented by plugin options. --><br \/>\nSe realiz\u00f3 la presentaci\u00f3n de los nuevos m\u00f3viles para la polic\u00eda de nuestra ciudad con la presencia del Intendente Cecilio Salazar, el Secretario de Seguridad Eduardo Roleri, el Secretario de Gobierno Silvio Corti, el Director de Coordinaci\u00f3n de Polic\u00eda Juan Carlos Ag\u00fcero y el Comisario Inspector Juan Ram\u00f3n Catalano, entre otras autoridades policiales.<\/p>\n<p>  Ayer a las 18 hs aproximadamente se realiz\u00f3 la presentaci\u00f3n de los m\u00f3viles entregados a la Polic\u00eda de nuestra ciudad, frente a la Municipalidad. All\u00ed, el Intendente Cecilio Salazar, el Secretario de Seguridad Eduardo Roleri, el Secretario de Gobierno Silvio Corti y autoridades policiales presentaron los dos autom\u00f3viles y una camioneta. <\/p>\n<p>  El Intendente expres\u00f3: \u201c\u201cUna de nuestras mayores preocupaciones es el tema de la seguridad en San Pedro\u201d y explic\u00f3 que los dos autom\u00f3viles ser\u00e1n para la Polic\u00eda Distrital y la camioneta para Polic\u00eda Rural. Adem\u00e1s, agreg\u00f3 que planean gestionar m\u00e1s m\u00f3viles porque, mal que pese, nunca son suficientes. Y finaliz\u00f3 \u201cDesde el Municipio colaboramos con todo lo que podemos, tratando de normalizar la seguridad en San Pedro\u201d.<\/p>\n<p>  El Secretario de Seguridad confi\u00f3 a los medios presentes que el responsable de la gesti\u00f3n hab\u00eda sido el mismo Intendente y, aclar\u00f3 que el Ministerio de Seguridad ten\u00eda una deuda con la ciudad en lo que respecta a los m\u00f3viles para la polic\u00eda. Tambi\u00e9n manifest\u00f3 que, se encuentran funcionando 6 m\u00f3viles y cuentan con otros que est\u00e1n en reparaci\u00f3n; y Polic\u00eda Rural cuenta con 3 m\u00f3viles. 11 veh\u00edculos fueron sacados del servicio. \u201cDe a poco ir\u00e1n reponiendo los m\u00f3viles dados de baja\u201d.<\/p>\n","protected":false},"excerpt":{"rendered":"<p>Se realiz\u00f3 la presentaci\u00f3n de los nuevos m\u00f3viles para la polic\u00eda de nuestra ciudad con la presencia del Intendente Cecilio Salazar, el Secretario de Seguridad Eduardo Roleri, el Secretario de Gobierno Silvio Corti, el Director de Coordinaci\u00f3n de Polic\u00eda Juan Carlos Ag\u00fcero y el Comisario Inspector Juan Ram\u00f3n Catalano, entre otras autoridades policiales. Ayer a [&hellip;]<\/p>\n","protected":false},"author":4,"featured_media":33885,"comment_status":"open","ping_status":"closed","sticky":false,"template":"","format":"standard","meta":{"om_disable_all_campaigns":false,"_jetpack_memberships_contains_paid_content":false,"footnotes":""},"categories":[101,2],"tags":[],"class_list":["post-33884","post","type-post","status-publish","format-standard","has-post-thumbnail","hentry","category-interes-general-locales","category-locales"],"aioseo_notices":[],"gutentor_comment":0,"jetpack_featured_media_url":"https:\/\/eldiariodesanpedro.com.ar\/sitio\/wp-content\/uploads\/2018\/05\/Se-entregaron-3-nuevos-m\u00f3viles-policiales.jpg","jetpack_shortlink":"https:\/\/wp.me\/p6RhLt-8Ow","jetpack_sharing_enabled":true,"_links":{"self":[{"href":"https:\/\/eldiariodesanpedro.com.ar\/sitio\/wp-json\/wp\/v2\/posts\/33884","targetHints":{"allow":["GET"]}}],"collection":[{"href":"https:\/\/eldiariodesanpedro.com.ar\/sitio\/wp-json\/wp\/v2\/posts"}],"about":[{"href":"https:\/\/eldiariodesanpedro.com.ar\/sitio\/wp-json\/wp\/v2\/types\/post"}],"author":[{"embeddable":true,"href":"https:\/\/eldiariodesanpedro.com.ar\/sitio\/wp-json\/wp\/v2\/users\/4"}],"replies":[{"embeddable":true,"href":"https:\/\/eldiariodesanpedro.com.ar\/sitio\/wp-json\/wp\/v2\/comments?post=33884"}],"version-history":[{"count":1,"href":"https:\/\/eldiariodesanpedro.com.ar\/sitio\/wp-json\/wp\/v2\/posts\/33884\/revisions"}],"predecessor-version":[{"id":33886,"href":"https:\/\/eldiariodesanpedro.com.ar\/sitio\/wp-json\/wp\/v2\/posts\/33884\/revisions\/33886"}],"wp:featuredmedia":[{"embeddable":true,"href":"https:\/\/eldiariodesanpedro.com.ar\/sitio\/wp-json\/wp\/v2\/media\/33885"}],"wp:attachment":[{"href":"https:\/\/eldiariodesanpedro.com.ar\/sitio\/wp-json\/wp\/v2\/media?parent=33884"}],"wp:term":[{"taxonomy":"category","embeddable":true,"href":"https:\/\/eldiariodesanpedro.com.ar\/sitio\/wp-json\/wp\/v2\/categories?post=33884"},{"taxonomy":"post_tag","embeddable":true,"href":"https:\/\/eldiariodesanpedro.com.ar\/sitio\/wp-json\/wp\/v2\/tags?post=33884"}],"curies":[{"name":"wp","href":"https:\/\/api.w.org\/{rel}","templated":true}]}}