{"id":33881,"date":"2018-05-29T20:27:36","date_gmt":"2018-05-29T23:27:36","guid":{"rendered":"https:\/\/eldiariodesanpedro.com.ar\/sitio\/?p=33881"},"modified":"2018-05-29T20:27:36","modified_gmt":"2018-05-29T23:27:36","slug":"el-gas-en-santa-lucia-doyle-y-rio-tala-cada-vez-mas-cerca","status":"publish","type":"post","link":"https:\/\/eldiariodesanpedro.com.ar\/sitio\/el-gas-en-santa-lucia-doyle-y-rio-tala-cada-vez-mas-cerca\/","title":{"rendered":"El gas en Santa Luc\u00eda, Doyle y R\u00edo Tala cada vez m\u00e1s cerca"},"content":{"rendered":"<p><!-- VideographyWP Plugin Message: Automatic video embedding prevented by plugin options. --><br \/>\n El Intendente Municipal Cecilio Salazar recibi\u00f3 esta ma\u00f1ana a representantes de la firma BAGSA, Buenos Aires Gas S.A., distribuidora de gas natural que opera en la Provincia de Buenos Aires y responsable de la distribuci\u00f3n a trav\u00e9s de redes en todo el territorio bonaerense.<\/p>\n<p> En su despacho firm\u00f3 con autoridades de la empresa un acta acuerdo que determina los pr\u00f3ximos pasos a seguir hasta el inicio de las conexiones domiciliarias.<\/p>\n<p>  Mariano Ledesma, Gerente General, Hern\u00e1n Hervalejo Gerente T\u00e9cnico y Tomas Meyer Asesor T\u00e9cnico participaron de una reuni\u00f3n junto a los delegados y representantes de las cooperativas de las localidades y funcionarios del gabinete del Intendente, que deriv\u00f3 luego en una conferencia de prensa.<\/p>\n<p>  El Intendente remarc\u00f3 la satisfacci\u00f3n que supone estar a punto de terminar una de las obras m\u00e1s grandes de la gesti\u00f3n, cumpliendo por fin con el compromiso de llevar gas natural a Santa Luc\u00eda, Doyle y Gobernador Castro.<br \/>\n  En el acuerdo firmado se determinan responsabilidades de las partes involucradas para comenzar con la capacitaci\u00f3n al personal y establecer acuerdos con las Cooperativas para establecer los servicios que \u00e9stas prestar\u00e1n en cada localidad para la relaci\u00f3n con los frentistas.<\/p>\n<p>  Los representantes de BAGSA anunciaron que est\u00e1n evaluando dar cr\u00e9ditos a trav\u00e9s de financiamiento con otras instituciones para que el frentista acceda definitivamente al gas haciendo las obras internas que le corresponde.<br \/>\n  De acuerdo al avance de obras, se estima que en dos meses se podr\u00e1n iniciar las carpetas de conexi\u00f3n.<br \/>\n  Luego de la charla con los medios, los funcionarios mantuvieron una reuni\u00f3n con concejales y se dirigieron a la localidad de R\u00edo Tala para finalizar la recorrida.<\/p>\n","protected":false},"excerpt":{"rendered":"<p>El Intendente Municipal Cecilio Salazar recibi\u00f3 esta ma\u00f1ana a representantes de la firma BAGSA, Buenos Aires Gas S.A., distribuidora de gas natural que opera en la Provincia de Buenos Aires y responsable de la distribuci\u00f3n a trav\u00e9s de redes en todo el territorio bonaerense. En su despacho firm\u00f3 con autoridades de la empresa un acta [&hellip;]<\/p>\n","protected":false},"author":4,"featured_media":33882,"comment_status":"open","ping_status":"closed","sticky":false,"template":"","format":"standard","meta":{"om_disable_all_campaigns":false,"_jetpack_memberships_contains_paid_content":false,"footnotes":""},"categories":[2,102],"tags":[],"class_list":["post-33881","post","type-post","status-publish","format-standard","has-post-thumbnail","hentry","category-locales","category-politica-locales"],"aioseo_notices":[],"gutentor_comment":0,"jetpack_featured_media_url":"https:\/\/eldiariodesanpedro.com.ar\/sitio\/wp-content\/uploads\/2018\/05\/gas-santa-lucia-La-reuni\u00f3n-en-el-despacho-del-Intendente.jpg","jetpack_shortlink":"https:\/\/wp.me\/p6RhLt-8Ot","jetpack_sharing_enabled":true,"_links":{"self":[{"href":"https:\/\/eldiariodesanpedro.com.ar\/sitio\/wp-json\/wp\/v2\/posts\/33881","targetHints":{"allow":["GET"]}}],"collection":[{"href":"https:\/\/eldiariodesanpedro.com.ar\/sitio\/wp-json\/wp\/v2\/posts"}],"about":[{"href":"https:\/\/eldiariodesanpedro.com.ar\/sitio\/wp-json\/wp\/v2\/types\/post"}],"author":[{"embeddable":true,"href":"https:\/\/eldiariodesanpedro.com.ar\/sitio\/wp-json\/wp\/v2\/users\/4"}],"replies":[{"embeddable":true,"href":"https:\/\/eldiariodesanpedro.com.ar\/sitio\/wp-json\/wp\/v2\/comments?post=33881"}],"version-history":[{"count":1,"href":"https:\/\/eldiariodesanpedro.com.ar\/sitio\/wp-json\/wp\/v2\/posts\/33881\/revisions"}],"predecessor-version":[{"id":33883,"href":"https:\/\/eldiariodesanpedro.com.ar\/sitio\/wp-json\/wp\/v2\/posts\/33881\/revisions\/33883"}],"wp:featuredmedia":[{"embeddable":true,"href":"https:\/\/eldiariodesanpedro.com.ar\/sitio\/wp-json\/wp\/v2\/media\/33882"}],"wp:attachment":[{"href":"https:\/\/eldiariodesanpedro.com.ar\/sitio\/wp-json\/wp\/v2\/media?parent=33881"}],"wp:term":[{"taxonomy":"category","embeddable":true,"href":"https:\/\/eldiariodesanpedro.com.ar\/sitio\/wp-json\/wp\/v2\/categories?post=33881"},{"taxonomy":"post_tag","embeddable":true,"href":"https:\/\/eldiariodesanpedro.com.ar\/sitio\/wp-json\/wp\/v2\/tags?post=33881"}],"curies":[{"name":"wp","href":"https:\/\/api.w.org\/{rel}","templated":true}]}}