{"id":33877,"date":"2018-05-29T20:24:28","date_gmt":"2018-05-29T23:24:28","guid":{"rendered":"https:\/\/eldiariodesanpedro.com.ar\/sitio\/?p=33877"},"modified":"2018-05-29T20:24:28","modified_gmt":"2018-05-29T23:24:28","slug":"le-robaron-a-un-joven-ciudadano-y-luego-lo-tiraron-al-riacho-san-pedro","status":"publish","type":"post","link":"https:\/\/eldiariodesanpedro.com.ar\/sitio\/le-robaron-a-un-joven-ciudadano-y-luego-lo-tiraron-al-riacho-san-pedro\/","title":{"rendered":"Le robaron a un joven ciudadano y luego lo tiraron al riacho San Pedro"},"content":{"rendered":"<p><!-- VideographyWP Plugin Message: Automatic video embedding prevented by plugin options. --><br \/>\nNuevamente en la zona rivere\u00f1a delincuentes atacaron a un pescador para robarle. <\/p>\n<p>  En esta ocasi\u00f3n, el hecho ocurri\u00f3 durante la madrugada del martes en cercan\u00edas de calle San Lorenzo al 1100.<br \/>\n  Un joven de 23 a\u00f1os fue abordado por varios delincuentes qui\u00e9nes le sustrajeron las zapatillas, la campera y el pantal\u00f3n. No conformes con esto, los delincuentes lo agredieron con un arma blanca provoc\u00e1ndole una herida en su cabeza y, tir\u00e1ndolo al agua.<\/p>\n<p>  El joven logr\u00f3 salir del agua y poder llegar hasta la casa de un amigo, donde pidi\u00f3 auxilio. All\u00ed, llamaron al servicio del SAME para trasladarlo a la Guardia del nosocomio local donde fue asistido.<\/p>\n<p>  Permanece internado preventivamente ya que, la herida realizada en el cuero cabelludo roz\u00f3 el hueso de su cabeza.   <\/p>\n","protected":false},"excerpt":{"rendered":"<p>Nuevamente en la zona rivere\u00f1a delincuentes atacaron a un pescador para robarle. En esta ocasi\u00f3n, el hecho ocurri\u00f3 durante la madrugada del martes en cercan\u00edas de calle San Lorenzo al 1100. Un joven de 23 a\u00f1os fue abordado por varios delincuentes qui\u00e9nes le sustrajeron las zapatillas, la campera y el pantal\u00f3n. No conformes con esto, [&hellip;]<\/p>\n","protected":false},"author":4,"featured_media":7633,"comment_status":"open","ping_status":"closed","sticky":false,"template":"","format":"standard","meta":{"om_disable_all_campaigns":false,"_jetpack_memberships_contains_paid_content":false,"footnotes":""},"categories":[2,103],"tags":[],"class_list":["post-33877","post","type-post","status-publish","format-standard","has-post-thumbnail","hentry","category-locales","category-policiales-locales"],"aioseo_notices":[],"gutentor_comment":0,"jetpack_featured_media_url":"https:\/\/eldiariodesanpedro.com.ar\/sitio\/wp-content\/uploads\/2016\/08\/hospital-policia.jpg","jetpack_shortlink":"https:\/\/wp.me\/p6RhLt-8Op","jetpack_sharing_enabled":true,"_links":{"self":[{"href":"https:\/\/eldiariodesanpedro.com.ar\/sitio\/wp-json\/wp\/v2\/posts\/33877","targetHints":{"allow":["GET"]}}],"collection":[{"href":"https:\/\/eldiariodesanpedro.com.ar\/sitio\/wp-json\/wp\/v2\/posts"}],"about":[{"href":"https:\/\/eldiariodesanpedro.com.ar\/sitio\/wp-json\/wp\/v2\/types\/post"}],"author":[{"embeddable":true,"href":"https:\/\/eldiariodesanpedro.com.ar\/sitio\/wp-json\/wp\/v2\/users\/4"}],"replies":[{"embeddable":true,"href":"https:\/\/eldiariodesanpedro.com.ar\/sitio\/wp-json\/wp\/v2\/comments?post=33877"}],"version-history":[{"count":1,"href":"https:\/\/eldiariodesanpedro.com.ar\/sitio\/wp-json\/wp\/v2\/posts\/33877\/revisions"}],"predecessor-version":[{"id":33880,"href":"https:\/\/eldiariodesanpedro.com.ar\/sitio\/wp-json\/wp\/v2\/posts\/33877\/revisions\/33880"}],"wp:featuredmedia":[{"embeddable":true,"href":"https:\/\/eldiariodesanpedro.com.ar\/sitio\/wp-json\/wp\/v2\/media\/7633"}],"wp:attachment":[{"href":"https:\/\/eldiariodesanpedro.com.ar\/sitio\/wp-json\/wp\/v2\/media?parent=33877"}],"wp:term":[{"taxonomy":"category","embeddable":true,"href":"https:\/\/eldiariodesanpedro.com.ar\/sitio\/wp-json\/wp\/v2\/categories?post=33877"},{"taxonomy":"post_tag","embeddable":true,"href":"https:\/\/eldiariodesanpedro.com.ar\/sitio\/wp-json\/wp\/v2\/tags?post=33877"}],"curies":[{"name":"wp","href":"https:\/\/api.w.org\/{rel}","templated":true}]}}