{"id":33874,"date":"2018-05-29T20:19:27","date_gmt":"2018-05-29T23:19:27","guid":{"rendered":"https:\/\/eldiariodesanpedro.com.ar\/sitio\/?p=33874"},"modified":"2018-05-29T20:22:15","modified_gmt":"2018-05-29T23:22:15","slug":"una-maquina-provoco-el-corte-de-energia-de-este-martes","status":"publish","type":"post","link":"https:\/\/eldiariodesanpedro.com.ar\/sitio\/una-maquina-provoco-el-corte-de-energia-de-este-martes\/","title":{"rendered":"Una m\u00e1quina provoc\u00f3 el corte de energ\u00eda durante el mediod\u00eda"},"content":{"rendered":"<p><!-- VideographyWP Plugin Message: Automatic video embedding prevented by plugin options. --><br \/>\nGran parte de la ciudad se qued\u00f3 sin luz durante el mediod\u00eda de hoy producto del error de una m\u00e1quina que se encontraba trabajando en zona rural.<\/p>\n<p>  Este martes al mediod\u00eda se produjo un corte en la corriente el\u00e9ctrica causada por el corte de cables en la zona de la Estaci\u00f3n Transformadora San Pedrito 1.<\/p>\n<p>  El corte, en una amplia zona de la ciudad, obedeci\u00f3 a la salida de servicio de la ET San Pedrito 1 por el corte de cables ocasionado por una m\u00e1quina particular que trabajaba esa zona de la ciudad. El personal del departamento de servicios el\u00e9ctricos trabaj\u00f3 para normalizar el suministro de manera muy r\u00e1pida que, comenz\u00f3 a estar disponible por sectores.<\/p>\n","protected":false},"excerpt":{"rendered":"<p>Gran parte de la ciudad se qued\u00f3 sin luz durante el mediod\u00eda de hoy producto del error de una m\u00e1quina que se encontraba trabajando en zona rural. Este martes al mediod\u00eda se produjo un corte en la corriente el\u00e9ctrica causada por el corte de cables en la zona de la Estaci\u00f3n Transformadora San Pedrito 1. [&hellip;]<\/p>\n","protected":false},"author":4,"featured_media":2489,"comment_status":"open","ping_status":"closed","sticky":false,"template":"","format":"standard","meta":{"om_disable_all_campaigns":false,"_jetpack_memberships_contains_paid_content":false,"footnotes":""},"categories":[101,2],"tags":[],"class_list":["post-33874","post","type-post","status-publish","format-standard","has-post-thumbnail","hentry","category-interes-general-locales","category-locales"],"aioseo_notices":[],"gutentor_comment":0,"jetpack_featured_media_url":"https:\/\/eldiariodesanpedro.com.ar\/sitio\/wp-content\/uploads\/2016\/03\/COOPSER.jpg","jetpack_shortlink":"https:\/\/wp.me\/p6RhLt-8Om","jetpack_sharing_enabled":true,"_links":{"self":[{"href":"https:\/\/eldiariodesanpedro.com.ar\/sitio\/wp-json\/wp\/v2\/posts\/33874","targetHints":{"allow":["GET"]}}],"collection":[{"href":"https:\/\/eldiariodesanpedro.com.ar\/sitio\/wp-json\/wp\/v2\/posts"}],"about":[{"href":"https:\/\/eldiariodesanpedro.com.ar\/sitio\/wp-json\/wp\/v2\/types\/post"}],"author":[{"embeddable":true,"href":"https:\/\/eldiariodesanpedro.com.ar\/sitio\/wp-json\/wp\/v2\/users\/4"}],"replies":[{"embeddable":true,"href":"https:\/\/eldiariodesanpedro.com.ar\/sitio\/wp-json\/wp\/v2\/comments?post=33874"}],"version-history":[{"count":2,"href":"https:\/\/eldiariodesanpedro.com.ar\/sitio\/wp-json\/wp\/v2\/posts\/33874\/revisions"}],"predecessor-version":[{"id":33879,"href":"https:\/\/eldiariodesanpedro.com.ar\/sitio\/wp-json\/wp\/v2\/posts\/33874\/revisions\/33879"}],"wp:featuredmedia":[{"embeddable":true,"href":"https:\/\/eldiariodesanpedro.com.ar\/sitio\/wp-json\/wp\/v2\/media\/2489"}],"wp:attachment":[{"href":"https:\/\/eldiariodesanpedro.com.ar\/sitio\/wp-json\/wp\/v2\/media?parent=33874"}],"wp:term":[{"taxonomy":"category","embeddable":true,"href":"https:\/\/eldiariodesanpedro.com.ar\/sitio\/wp-json\/wp\/v2\/categories?post=33874"},{"taxonomy":"post_tag","embeddable":true,"href":"https:\/\/eldiariodesanpedro.com.ar\/sitio\/wp-json\/wp\/v2\/tags?post=33874"}],"curies":[{"name":"wp","href":"https:\/\/api.w.org\/{rel}","templated":true}]}}