{"id":33872,"date":"2018-05-29T20:19:24","date_gmt":"2018-05-29T23:19:24","guid":{"rendered":"https:\/\/eldiariodesanpedro.com.ar\/sitio\/?p=33872"},"modified":"2018-05-29T20:19:24","modified_gmt":"2018-05-29T23:19:24","slug":"mientras-hugo-molina-era-velado-robaban-su-vivienda","status":"publish","type":"post","link":"https:\/\/eldiariodesanpedro.com.ar\/sitio\/mientras-hugo-molina-era-velado-robaban-su-vivienda\/","title":{"rendered":"Mientras Hugo Molina era velado, robaban su vivienda"},"content":{"rendered":"<p><!-- VideographyWP Plugin Message: Automatic video embedding prevented by plugin options. --><br \/>\nEn la ma\u00f1ana de este martes, alrededor de las 10:00 hs, se produjo un hecho delictivo en la casa del fallecido Hugo Molina. Delincuentes ingresaron y se llevaron pertenencias.<\/p>\n<p>  El hecho ocurri\u00f3 en la vivienda del pintor fallecido d\u00edas atr\u00e1s, ubicada sobre calle Manuel Iglesias al 2800. En el momento en el que lo velaban, delincuentes ingresaron en su domicilio para llevarse un televisor y otras pertenencias.<\/p>\n<p>  Seg\u00fan la familia de Molina, los delincuentes habr\u00edan aprovechado cuando las personas que estaban ocupando esta propiedad se dirigieron al sepelio, olvid\u00e1ndose la puerta sin llave. Al regresar del velatorio se encontraron con la puerta abierta y con la ausencia de algunas pertenencias. <\/p>\n<p>  En el lugar se hizo presente personal policial para realizar la investigaci\u00f3n necesaria. <\/p>\n","protected":false},"excerpt":{"rendered":"<p>En la ma\u00f1ana de este martes, alrededor de las 10:00 hs, se produjo un hecho delictivo en la casa del fallecido Hugo Molina. Delincuentes ingresaron y se llevaron pertenencias. El hecho ocurri\u00f3 en la vivienda del pintor fallecido d\u00edas atr\u00e1s, ubicada sobre calle Manuel Iglesias al 2800. En el momento en el que lo velaban, [&hellip;]<\/p>\n","protected":false},"author":4,"featured_media":33873,"comment_status":"open","ping_status":"closed","sticky":false,"template":"","format":"standard","meta":{"om_disable_all_campaigns":false,"_jetpack_memberships_contains_paid_content":false,"footnotes":""},"categories":[2,103],"tags":[],"class_list":["post-33872","post","type-post","status-publish","format-standard","has-post-thumbnail","hentry","category-locales","category-policiales-locales"],"aioseo_notices":[],"gutentor_comment":0,"jetpack_featured_media_url":"https:\/\/eldiariodesanpedro.com.ar\/sitio\/wp-content\/uploads\/2018\/05\/vivienda-Hugo-Molina.jpeg","jetpack_shortlink":"https:\/\/wp.me\/p6RhLt-8Ok","jetpack_sharing_enabled":true,"_links":{"self":[{"href":"https:\/\/eldiariodesanpedro.com.ar\/sitio\/wp-json\/wp\/v2\/posts\/33872","targetHints":{"allow":["GET"]}}],"collection":[{"href":"https:\/\/eldiariodesanpedro.com.ar\/sitio\/wp-json\/wp\/v2\/posts"}],"about":[{"href":"https:\/\/eldiariodesanpedro.com.ar\/sitio\/wp-json\/wp\/v2\/types\/post"}],"author":[{"embeddable":true,"href":"https:\/\/eldiariodesanpedro.com.ar\/sitio\/wp-json\/wp\/v2\/users\/4"}],"replies":[{"embeddable":true,"href":"https:\/\/eldiariodesanpedro.com.ar\/sitio\/wp-json\/wp\/v2\/comments?post=33872"}],"version-history":[{"count":1,"href":"https:\/\/eldiariodesanpedro.com.ar\/sitio\/wp-json\/wp\/v2\/posts\/33872\/revisions"}],"predecessor-version":[{"id":33875,"href":"https:\/\/eldiariodesanpedro.com.ar\/sitio\/wp-json\/wp\/v2\/posts\/33872\/revisions\/33875"}],"wp:featuredmedia":[{"embeddable":true,"href":"https:\/\/eldiariodesanpedro.com.ar\/sitio\/wp-json\/wp\/v2\/media\/33873"}],"wp:attachment":[{"href":"https:\/\/eldiariodesanpedro.com.ar\/sitio\/wp-json\/wp\/v2\/media?parent=33872"}],"wp:term":[{"taxonomy":"category","embeddable":true,"href":"https:\/\/eldiariodesanpedro.com.ar\/sitio\/wp-json\/wp\/v2\/categories?post=33872"},{"taxonomy":"post_tag","embeddable":true,"href":"https:\/\/eldiariodesanpedro.com.ar\/sitio\/wp-json\/wp\/v2\/tags?post=33872"}],"curies":[{"name":"wp","href":"https:\/\/api.w.org\/{rel}","templated":true}]}}