{"id":33868,"date":"2018-05-29T10:33:57","date_gmt":"2018-05-29T13:33:57","guid":{"rendered":"https:\/\/eldiariodesanpedro.com.ar\/sitio\/?p=33868"},"modified":"2018-05-29T10:33:57","modified_gmt":"2018-05-29T13:33:57","slug":"zarate-habra-mas-de-600-nuevos-despidos-en-la-planta-permanente-de-la-central-nuclear-de-atucha","status":"publish","type":"post","link":"https:\/\/eldiariodesanpedro.com.ar\/sitio\/zarate-habra-mas-de-600-nuevos-despidos-en-la-planta-permanente-de-la-central-nuclear-de-atucha\/","title":{"rendered":"ZARATE: \u201cHabr\u00e1 m\u00e1s de 600 nuevos despidos en la planta permanente de la Central Nuclear de Atucha\u201d"},"content":{"rendered":"<p><!-- VideographyWP Plugin Message: Automatic video embedding prevented by plugin options. --><br \/>\nEn la ma\u00f1ana de este lunes, en la Rotonda de Acceso a la Central Nuclear de Atucha y con la presencia del Secretario General de la Asociaci\u00f3n de Trabajadores del Estado (ATE) de la Provincia de Buenos Aires, Oscar De Isasi, en conferencia de prensa el gremio denunci\u00f3 que, \u201chabr\u00e1 m\u00e1s de 600 nuevos despidos en la planta permanente de NASA\u201d.<\/p>\n<p>\u201cCon la decisi\u00f3n del gobierno nacional, obediente a los pedidos para llegar a un acuerdo con el Fondo Monetario Internacional, baj\u00e1ndole el dedo al proyecto de   Atucha III y a todo el plan nuclear que estaba legislado en la Ley 26.166, dejar\u00e1 a todo un sector de NASA en la calle\u201d, afirm\u00f3 Fernando P\u00e9rez, titular de la Seccional local de ATE.<\/p>\n<p>La Unidad de Gesti\u00f3n dejar\u00e1 en junio a 400 empleados despedidos, remarca P\u00e9rez, \u201cadem\u00e1s de 200 de la masa operativa, m\u00e1s 100 en Embalse y 500 en la planta industrial de agua pesada y a eso hay que sumarles los trabajadores de los sectores privados que ante la renovaci\u00f3n de contratos, tambi\u00e9n quedar\u00e1n sin empleos\u201d.<\/p>\n<p>\u201cEstamos trazando un plan de lucha que iniciaremos la semana entrante en Z\u00e1rate  y el 7 de junio movilizaremos a la casa central de NASA\u201d, adelant\u00f3 el gremialista y consultado sobre si hay hay trabajadores que recibieron telegramas de despidos dijo, \u201ceste Gobierno tiene como modalidad que los empleados no reciben una carta documento se anotician cuando llegan a su lugar de trabajo que han quedado afuera\u201d.<\/p>\n<p>Por su parte el referente provincial manifest\u00f3, \u201ctodo esto tiene que ver con el achique del gasto p\u00fablico y con la renuncia a la soberan\u00eda energ\u00e9tica y un proceso de m\u00e1s despidos en una regi\u00f3n tan castigada como esta\u201d.<\/p>\n<p>\u201cEl primer mensaje que queremos dar es que desde ATE Provincia, respaldamos todas las acciones que decidan los compa\u00f1eros en asambleas y que por ende  acompa\u00f1aremos\u201d, resalt\u00f3 y agreg\u00f3, \u201cnuevamente un gobierno nacional le hace caso al FMI que le exige reducciones de personal y claudicar a la soberan\u00eda. Modelo cl\u00e1sico de ajuste que descarga la crisis sobre los trabajadores y los sectores m\u00e1s vulnerables\u201d.<\/p>\n<p>Fuente: Enlace Critico<\/p>\n","protected":false},"excerpt":{"rendered":"<p>En la ma\u00f1ana de este lunes, en la Rotonda de Acceso a la Central Nuclear de Atucha y con la presencia del Secretario General de la Asociaci\u00f3n de Trabajadores del Estado (ATE) de la Provincia de Buenos Aires, Oscar De Isasi, en conferencia de prensa el gremio denunci\u00f3 que, \u201chabr\u00e1 m\u00e1s de 600 nuevos despidos [&hellip;]<\/p>\n","protected":false},"author":4,"featured_media":33869,"comment_status":"open","ping_status":"closed","sticky":false,"template":"","format":"standard","meta":{"om_disable_all_campaigns":false,"_jetpack_memberships_contains_paid_content":false,"footnotes":""},"categories":[621],"tags":[],"class_list":["post-33868","post","type-post","status-publish","format-standard","has-post-thumbnail","hentry","category-regionales"],"aioseo_notices":[],"gutentor_comment":0,"jetpack_featured_media_url":"https:\/\/eldiariodesanpedro.com.ar\/sitio\/wp-content\/uploads\/2018\/05\/6d28fe7d-ea72-454b-bdd3-8f66ee9b755e_658x400.jpg","jetpack_shortlink":"https:\/\/wp.me\/p6RhLt-8Og","jetpack_sharing_enabled":true,"_links":{"self":[{"href":"https:\/\/eldiariodesanpedro.com.ar\/sitio\/wp-json\/wp\/v2\/posts\/33868","targetHints":{"allow":["GET"]}}],"collection":[{"href":"https:\/\/eldiariodesanpedro.com.ar\/sitio\/wp-json\/wp\/v2\/posts"}],"about":[{"href":"https:\/\/eldiariodesanpedro.com.ar\/sitio\/wp-json\/wp\/v2\/types\/post"}],"author":[{"embeddable":true,"href":"https:\/\/eldiariodesanpedro.com.ar\/sitio\/wp-json\/wp\/v2\/users\/4"}],"replies":[{"embeddable":true,"href":"https:\/\/eldiariodesanpedro.com.ar\/sitio\/wp-json\/wp\/v2\/comments?post=33868"}],"version-history":[{"count":1,"href":"https:\/\/eldiariodesanpedro.com.ar\/sitio\/wp-json\/wp\/v2\/posts\/33868\/revisions"}],"predecessor-version":[{"id":33870,"href":"https:\/\/eldiariodesanpedro.com.ar\/sitio\/wp-json\/wp\/v2\/posts\/33868\/revisions\/33870"}],"wp:featuredmedia":[{"embeddable":true,"href":"https:\/\/eldiariodesanpedro.com.ar\/sitio\/wp-json\/wp\/v2\/media\/33869"}],"wp:attachment":[{"href":"https:\/\/eldiariodesanpedro.com.ar\/sitio\/wp-json\/wp\/v2\/media?parent=33868"}],"wp:term":[{"taxonomy":"category","embeddable":true,"href":"https:\/\/eldiariodesanpedro.com.ar\/sitio\/wp-json\/wp\/v2\/categories?post=33868"},{"taxonomy":"post_tag","embeddable":true,"href":"https:\/\/eldiariodesanpedro.com.ar\/sitio\/wp-json\/wp\/v2\/tags?post=33868"}],"curies":[{"name":"wp","href":"https:\/\/api.w.org\/{rel}","templated":true}]}}