{"id":33865,"date":"2018-05-29T10:28:23","date_gmt":"2018-05-29T13:28:23","guid":{"rendered":"https:\/\/eldiariodesanpedro.com.ar\/sitio\/?p=33865"},"modified":"2018-05-29T10:28:23","modified_gmt":"2018-05-29T13:28:23","slug":"san-nicolas-se-sumo-al-panuelazo-federal-a-favor-de-despenalizar-el-aborto","status":"publish","type":"post","link":"https:\/\/eldiariodesanpedro.com.ar\/sitio\/san-nicolas-se-sumo-al-panuelazo-federal-a-favor-de-despenalizar-el-aborto\/","title":{"rendered":"SAN NICOL\u00c1S: Se sum\u00f3 al pa\u00f1uelazo federal a favor de despenalizar el aborto"},"content":{"rendered":"<p><!-- VideographyWP Plugin Message: Automatic video embedding prevented by plugin options. --><br \/>\nAyer desde las 18 en la esquina de Mitre y 9 de Julio, un colectivo de mujeres y organizaciones se manifestaron bajo la consigna \u201ceducaci\u00f3n sexual para decidir, anticonceptivos para no abortar, aborto legal para no morir\u201d. Luego, la convocatoria a la comunidad y agrupaciones fue en \u00c1gora (Almafuerte 275) para conformar la campa\u00f1a nacional por el derecho al aborto legal, seguro y gratuito en la ciudad.<br \/>\nEn el marco de la campa\u00f1a por la despenalizaci\u00f3n del aborto, un colectivo de mujeres y organizaciones se sumaron al pa\u00f1uelazo federal impulsando una manifestaci\u00f3n en San Nicol\u00e1s. Fue ayer en la esquina de Mitre y 9 de Julio desde las 18. Y pasadas las 20, la convocatoria a la comunidad y agrupaciones fue en \u00c1gora (Almafuerte 275) para conformar la campa\u00f1a nacional por el derecho al aborto legal, seguro y gratuito en la ciudad. Una de las consignas m\u00e1s resonantes fue \u201ceducaci\u00f3n sexual para decidir, anticonceptivos para no abortar, aborto legal para no morir\u201d.<br \/>\n\u201cLa campa\u00f1a asume un compromiso con la integralidad de los Derechos Humanos, y defiende el derecho al aborto como una causa justa para recuperar la dignidad de las mujeres y con ellas, la de todos los seres humanos\u201d, manifiestan los participantes.<br \/>\nLa campa\u00f1a fue lanzada el 28 de mayo de 2005, D\u00eda de Internacional de Acci\u00f3n por la Salud de las Mujeres, y desde entonces se coordinan actividades simult\u00e1neamente en distintos puntos del pa\u00eds<\/p>\n<p>Clandestinidad<br \/>\nQuienes convocan y adhieren se proponen: \u201cInstalar en la sociedad y en el Estado el debate en torno a la necesidad de despenalizar y legalizar el aborto en Argentina; contribuir a que m\u00e1s mujeres y organizaciones se sumen en este proceso y reclamo; lograr el debate y la aprobaci\u00f3n de una norma legal que despenalice y legalice el aborto en Argentina\u201d.<br \/>\n\u201cConsideramos la necesidad de legalizar y despenalizar el aborto como una cuesti\u00f3n de salud p\u00fablica, de justicia social y de derechos humanos de las mujeres\u201d, marcan.<br \/>\n\u201cEn Argentina se calcula que alrededor de 500 mil mujeres recurren cada a\u00f1o al aborto clandestino, mostrando c\u00f3mo la penalizaci\u00f3n no impide su pr\u00e1ctica, sino que la hace peligrosa por la falta de recursos econ\u00f3micos de muchas mujeres. El aborto es parte de la cotidianeidad de medio mill\u00f3n de mujeres que a\u00f1o a a\u00f1o desoyen mandatos sobre sus cuerpos y sus vidas, trayendo al escenario p\u00fablico un tema crucial: la maternidad debe ser voluntaria, deseada, proyectada\u201d, se\u00f1alaron ayer a EL NORTE desde el colectivo que impulsa la campa\u00f1a.<\/p>\n<p>Causa evitable de mortalidad<br \/>\nSeg\u00fan cifras oficiales las complicaciones por abortos inseguros son la principal causa evitable de mortalidad materna en Argentina.<br \/>\nLa Campa\u00f1a Nacional por el Derecho al Aborto legal, Seguro y Gratuito es una amplia y diversa alianza federal, que articula y recupera parte de la historia de las luchas desarrolladas en nuestro pa\u00eds en pos del derecho al aborto legal, seguro y gratuito.<br \/>\nImpulsada desde grupos feministas y del movimiento de mujeres, como as\u00ed tambi\u00e9n desde mujeres pertenecientes a movimientos pol\u00edticos y sociales, organizaciones y personalidades vinculadas a organismos de derechos humanos, de \u00e1mbitos acad\u00e9micos y cient\u00edficos, trabajadoras\/es de salud, sindicatos y diversos movimientos sociales y culturales, entre ellos redes campesinas y de educaci\u00f3n, organizaciones de desocupadas\/os, de f\u00e1bricas recuperadas, grupos estudiantiles, comunicadoras y comunicadores sociales, etc.<br \/>\n\u201cHace d\u00e9cadas feministas venimos poniendo en debate el tema del aborto y las consecuencias de su status legal actual para la vida y la salud de las mujeres\u201d, sostienen.<br \/>\nEn nuestro pa\u00eds, siguen la audiencias informativas en el Plenario de Comisiones en el marco de la discusi\u00f3n de los proyectos para despenalizar el aborto, entre ellos el de la Campa\u00f1a por el Aborto, Legal, Seguro y Gratuito, que cuenta con el aval de 71 diputados y propone la interrupci\u00f3n voluntaria del embarazo. El jueves pasado se realiz\u00f3 la antepen\u00faltima audiencia, por lo que se espera que el proyecto llegue al recinto a mediados de junio.<\/p>\n<p>Post-aborto tambi\u00e9n<br \/>\nAdem\u00e1s de la legalizaci\u00f3n y despenalizaci\u00f3n del aborto, desde la campa\u00f1a nacional exigen:<br \/>\n&#8211; La inmediata la reglamentaci\u00f3n de la atenci\u00f3n humanizada del post-aborto, y la atenci\u00f3n en los servicios p\u00fablicos de salud a mujeres y ni\u00f1as que deciden abortar en los casos en que peligra su vida y su salud o ante situaciones de violaci\u00f3n, que el art\u00edculo 86 del C\u00f3digo Penal Nacional ya exime de pena.<br \/>\n&#8211; La aplicaci\u00f3n efectiva en todo el pa\u00eds de la Ley 25.673 de Salud Sexual y Procreaci\u00f3n Responsable.<br \/>\n&#8211; El cumplimiento del Compromiso para la Disminuci\u00f3n de la Mortalidad Materna y el Protocolo de Asistencia Humanitaria del Post-aborto.<br \/>\n\u201cConsideramos un avance el anteproyecto de Reforma del C\u00f3digo Penal, elaborado por la Comisi\u00f3n de Juristas convocada por el Ministerio de Justicia. Proponemos ampliar la participaci\u00f3n en el debate e incidir en su discusi\u00f3n, para lograr que se incorporen nuestras propuestas y respeten nuestros derechos\u201d, marcan. <\/p>\n","protected":false},"excerpt":{"rendered":"<p>Ayer desde las 18 en la esquina de Mitre y 9 de Julio, un colectivo de mujeres y organizaciones se manifestaron bajo la consigna \u201ceducaci\u00f3n sexual para decidir, anticonceptivos para no abortar, aborto legal para no morir\u201d. Luego, la convocatoria a la comunidad y agrupaciones fue en \u00c1gora (Almafuerte 275) para conformar la campa\u00f1a nacional [&hellip;]<\/p>\n","protected":false},"author":4,"featured_media":33866,"comment_status":"open","ping_status":"closed","sticky":false,"template":"","format":"standard","meta":{"om_disable_all_campaigns":false,"_jetpack_memberships_contains_paid_content":false,"footnotes":""},"categories":[621],"tags":[],"class_list":["post-33865","post","type-post","status-publish","format-standard","has-post-thumbnail","hentry","category-regionales"],"aioseo_notices":[],"gutentor_comment":0,"jetpack_featured_media_url":"https:\/\/eldiariodesanpedro.com.ar\/sitio\/wp-content\/uploads\/2018\/05\/elnorte5b0d2cf0b3601_5-panuelazo-4col.jpg","jetpack_shortlink":"https:\/\/wp.me\/p6RhLt-8Od","jetpack_sharing_enabled":true,"_links":{"self":[{"href":"https:\/\/eldiariodesanpedro.com.ar\/sitio\/wp-json\/wp\/v2\/posts\/33865","targetHints":{"allow":["GET"]}}],"collection":[{"href":"https:\/\/eldiariodesanpedro.com.ar\/sitio\/wp-json\/wp\/v2\/posts"}],"about":[{"href":"https:\/\/eldiariodesanpedro.com.ar\/sitio\/wp-json\/wp\/v2\/types\/post"}],"author":[{"embeddable":true,"href":"https:\/\/eldiariodesanpedro.com.ar\/sitio\/wp-json\/wp\/v2\/users\/4"}],"replies":[{"embeddable":true,"href":"https:\/\/eldiariodesanpedro.com.ar\/sitio\/wp-json\/wp\/v2\/comments?post=33865"}],"version-history":[{"count":1,"href":"https:\/\/eldiariodesanpedro.com.ar\/sitio\/wp-json\/wp\/v2\/posts\/33865\/revisions"}],"predecessor-version":[{"id":33867,"href":"https:\/\/eldiariodesanpedro.com.ar\/sitio\/wp-json\/wp\/v2\/posts\/33865\/revisions\/33867"}],"wp:featuredmedia":[{"embeddable":true,"href":"https:\/\/eldiariodesanpedro.com.ar\/sitio\/wp-json\/wp\/v2\/media\/33866"}],"wp:attachment":[{"href":"https:\/\/eldiariodesanpedro.com.ar\/sitio\/wp-json\/wp\/v2\/media?parent=33865"}],"wp:term":[{"taxonomy":"category","embeddable":true,"href":"https:\/\/eldiariodesanpedro.com.ar\/sitio\/wp-json\/wp\/v2\/categories?post=33865"},{"taxonomy":"post_tag","embeddable":true,"href":"https:\/\/eldiariodesanpedro.com.ar\/sitio\/wp-json\/wp\/v2\/tags?post=33865"}],"curies":[{"name":"wp","href":"https:\/\/api.w.org\/{rel}","templated":true}]}}