{"id":33862,"date":"2018-05-29T10:18:47","date_gmt":"2018-05-29T13:18:47","guid":{"rendered":"https:\/\/eldiariodesanpedro.com.ar\/sitio\/?p=33862"},"modified":"2018-05-29T10:18:47","modified_gmt":"2018-05-29T13:18:47","slug":"san-nicolas-continuan-las-clausuras-de-talleres","status":"publish","type":"post","link":"https:\/\/eldiariodesanpedro.com.ar\/sitio\/san-nicolas-continuan-las-clausuras-de-talleres\/","title":{"rendered":"SAN NICOL\u00c1S: Contin\u00faan las clausuras de talleres"},"content":{"rendered":"<p><!-- VideographyWP Plugin Message: Automatic video embedding prevented by plugin options. --><br \/>\nSiguen los operativos de control, de talleres y desarmaderos con el fin de prevenir el robo de veh\u00edculos y su posterior desarme y comercializaci\u00f3n de autopartes.<\/p>\n<p>Ayer personal de la Comisar\u00eda Tercera procedi\u00f3 a la inspecci\u00f3n en calle Jos\u00e9 Rivas, lugar donde funciona un taller de mec\u00e1nica general de motos, careciendo el mismo de toda clase de documentaci\u00f3n, seg\u00fan se exige en lo normado por la Ley 13081. Al propietario de 30 a\u00f1os se le notific\u00f3 sobre regularizar su situaci\u00f3n en los pr\u00f3ximos 30 d\u00edas h\u00e1biles, procedi\u00e9ndose a la inmediata clausura del lugar. Tom\u00f3 conocimiento el Juzgado de Faltas de San Nicol\u00e1s.<\/p>\n<p>Fuente: Diario El Norte<\/p>\n","protected":false},"excerpt":{"rendered":"<p>Siguen los operativos de control, de talleres y desarmaderos con el fin de prevenir el robo de veh\u00edculos y su posterior desarme y comercializaci\u00f3n de autopartes. Ayer personal de la Comisar\u00eda Tercera procedi\u00f3 a la inspecci\u00f3n en calle Jos\u00e9 Rivas, lugar donde funciona un taller de mec\u00e1nica general de motos, careciendo el mismo de toda [&hellip;]<\/p>\n","protected":false},"author":4,"featured_media":33863,"comment_status":"open","ping_status":"closed","sticky":false,"template":"","format":"standard","meta":{"om_disable_all_campaigns":false,"_jetpack_memberships_contains_paid_content":false,"footnotes":""},"categories":[621],"tags":[],"class_list":["post-33862","post","type-post","status-publish","format-standard","has-post-thumbnail","hentry","category-regionales"],"aioseo_notices":[],"gutentor_comment":0,"jetpack_featured_media_url":"https:\/\/eldiariodesanpedro.com.ar\/sitio\/wp-content\/uploads\/2018\/05\/elnorte5b0d2c1209039_6-fotonoticia-3x12.jpg","jetpack_shortlink":"https:\/\/wp.me\/p6RhLt-8Oa","jetpack_sharing_enabled":true,"_links":{"self":[{"href":"https:\/\/eldiariodesanpedro.com.ar\/sitio\/wp-json\/wp\/v2\/posts\/33862","targetHints":{"allow":["GET"]}}],"collection":[{"href":"https:\/\/eldiariodesanpedro.com.ar\/sitio\/wp-json\/wp\/v2\/posts"}],"about":[{"href":"https:\/\/eldiariodesanpedro.com.ar\/sitio\/wp-json\/wp\/v2\/types\/post"}],"author":[{"embeddable":true,"href":"https:\/\/eldiariodesanpedro.com.ar\/sitio\/wp-json\/wp\/v2\/users\/4"}],"replies":[{"embeddable":true,"href":"https:\/\/eldiariodesanpedro.com.ar\/sitio\/wp-json\/wp\/v2\/comments?post=33862"}],"version-history":[{"count":1,"href":"https:\/\/eldiariodesanpedro.com.ar\/sitio\/wp-json\/wp\/v2\/posts\/33862\/revisions"}],"predecessor-version":[{"id":33864,"href":"https:\/\/eldiariodesanpedro.com.ar\/sitio\/wp-json\/wp\/v2\/posts\/33862\/revisions\/33864"}],"wp:featuredmedia":[{"embeddable":true,"href":"https:\/\/eldiariodesanpedro.com.ar\/sitio\/wp-json\/wp\/v2\/media\/33863"}],"wp:attachment":[{"href":"https:\/\/eldiariodesanpedro.com.ar\/sitio\/wp-json\/wp\/v2\/media?parent=33862"}],"wp:term":[{"taxonomy":"category","embeddable":true,"href":"https:\/\/eldiariodesanpedro.com.ar\/sitio\/wp-json\/wp\/v2\/categories?post=33862"},{"taxonomy":"post_tag","embeddable":true,"href":"https:\/\/eldiariodesanpedro.com.ar\/sitio\/wp-json\/wp\/v2\/tags?post=33862"}],"curies":[{"name":"wp","href":"https:\/\/api.w.org\/{rel}","templated":true}]}}