{"id":33858,"date":"2018-05-29T10:14:23","date_gmt":"2018-05-29T13:14:23","guid":{"rendered":"https:\/\/eldiariodesanpedro.com.ar\/sitio\/?p=33858"},"modified":"2018-05-29T10:15:46","modified_gmt":"2018-05-29T13:15:46","slug":"ramallo-asesinaron-a-un-joven-en-ramallo","status":"publish","type":"post","link":"https:\/\/eldiariodesanpedro.com.ar\/sitio\/ramallo-asesinaron-a-un-joven-en-ramallo\/","title":{"rendered":"RAMALLO: Asesinaron a un joven en Ramallo"},"content":{"rendered":"<p><!-- VideographyWP Plugin Message: Automatic video embedding prevented by plugin options. --><br \/>\nEn la madrugada de hoy fue asesinado un joven de 20 a\u00f1os en barrio Sur de Ramallo. Aun se desconoce las circunstancias en las que se produjo el hecho.<\/p>\n<p> Por estas horas a\u00fan se desconoce lo que habr\u00eda ocurrido o el marco en el que se habr\u00eda producido el asesinato de este hombre de 20 a\u00f1os en barrio Sur de Ramallo. Personal de la Comisar\u00eda Primera de Ramallo y de la justicia se encuentran tomando testimonios de vecinos que podr\u00edan haber visto lo que ocurri\u00f3 y al mediod\u00eda se brindar\u00e1 la informaci\u00f3n oficial. Ampliaremos.<\/p>\n<p>Fuente: Diario El Norte<\/p>\n","protected":false},"excerpt":{"rendered":"<p>En la madrugada de hoy fue asesinado un joven de 20 a\u00f1os en barrio Sur de Ramallo. Aun se desconoce las circunstancias en las que se produjo el hecho. Por estas horas a\u00fan se desconoce lo que habr\u00eda ocurrido o el marco en el que se habr\u00eda producido el asesinato de este hombre de 20 [&hellip;]<\/p>\n","protected":false},"author":4,"featured_media":33859,"comment_status":"open","ping_status":"closed","sticky":false,"template":"","format":"standard","meta":{"om_disable_all_campaigns":false,"_jetpack_memberships_contains_paid_content":false,"footnotes":""},"categories":[621],"tags":[],"class_list":["post-33858","post","type-post","status-publish","format-standard","has-post-thumbnail","hentry","category-regionales"],"aioseo_notices":[],"gutentor_comment":0,"jetpack_featured_media_url":"https:\/\/eldiariodesanpedro.com.ar\/sitio\/wp-content\/uploads\/2018\/05\/elnorte5b0d480a10434_asesinato.jpg","jetpack_shortlink":"https:\/\/wp.me\/p6RhLt-8O6","jetpack_sharing_enabled":true,"_links":{"self":[{"href":"https:\/\/eldiariodesanpedro.com.ar\/sitio\/wp-json\/wp\/v2\/posts\/33858","targetHints":{"allow":["GET"]}}],"collection":[{"href":"https:\/\/eldiariodesanpedro.com.ar\/sitio\/wp-json\/wp\/v2\/posts"}],"about":[{"href":"https:\/\/eldiariodesanpedro.com.ar\/sitio\/wp-json\/wp\/v2\/types\/post"}],"author":[{"embeddable":true,"href":"https:\/\/eldiariodesanpedro.com.ar\/sitio\/wp-json\/wp\/v2\/users\/4"}],"replies":[{"embeddable":true,"href":"https:\/\/eldiariodesanpedro.com.ar\/sitio\/wp-json\/wp\/v2\/comments?post=33858"}],"version-history":[{"count":2,"href":"https:\/\/eldiariodesanpedro.com.ar\/sitio\/wp-json\/wp\/v2\/posts\/33858\/revisions"}],"predecessor-version":[{"id":33861,"href":"https:\/\/eldiariodesanpedro.com.ar\/sitio\/wp-json\/wp\/v2\/posts\/33858\/revisions\/33861"}],"wp:featuredmedia":[{"embeddable":true,"href":"https:\/\/eldiariodesanpedro.com.ar\/sitio\/wp-json\/wp\/v2\/media\/33859"}],"wp:attachment":[{"href":"https:\/\/eldiariodesanpedro.com.ar\/sitio\/wp-json\/wp\/v2\/media?parent=33858"}],"wp:term":[{"taxonomy":"category","embeddable":true,"href":"https:\/\/eldiariodesanpedro.com.ar\/sitio\/wp-json\/wp\/v2\/categories?post=33858"},{"taxonomy":"post_tag","embeddable":true,"href":"https:\/\/eldiariodesanpedro.com.ar\/sitio\/wp-json\/wp\/v2\/tags?post=33858"}],"curies":[{"name":"wp","href":"https:\/\/api.w.org\/{rel}","templated":true}]}}