{"id":33848,"date":"2018-05-29T10:10:52","date_gmt":"2018-05-29T13:10:52","guid":{"rendered":"https:\/\/eldiariodesanpedro.com.ar\/sitio\/?p=33848"},"modified":"2018-05-29T10:10:52","modified_gmt":"2018-05-29T13:10:52","slug":"baradero-finalizo-el-workshop-2018-realizado-en-nuestra-ciudad","status":"publish","type":"post","link":"https:\/\/eldiariodesanpedro.com.ar\/sitio\/baradero-finalizo-el-workshop-2018-realizado-en-nuestra-ciudad\/","title":{"rendered":"BARADERO: Finaliz\u00f3 el WorkShop 2018 realizado en nuestra ciudad"},"content":{"rendered":"<p><!-- VideographyWP Plugin Message: Automatic video embedding prevented by plugin options. --><br \/>\n87 bomberos de diferentes puntos del pa\u00eds e incluso de Brasil, Chile y Colombia se capacitaron en rescate vehicular pesado durante el fin de semana en Baradero. El evento cont\u00f3 incluso con la presentaci\u00f3n del primer simulador de rescate  de veh\u00edculos grandes de toda Am\u00e9rica, dise\u00f1ado y construido por baraderenses.<\/p>\n<p>El viernes se desarroll\u00f3 la capacitaci\u00f3n te\u00f3rica en el Club de Pesca. El d\u00eda s\u00e1bado, se trasladaron al predio de Divisi\u00f3n Camiones en la localidad de Higueras para trabajar en an\u00e1lisis de deformaci\u00f3n de cabinas de cami\u00f3n y junto a integrantes de UTV emergencias.<\/p>\n<p>UTV es una empresa de m\u00e9dicos helitransportados, que gracias a las gestiones del bombero baraderense y m\u00e9dico Fernando Gerber, realizaron una demostraci\u00f3n y una capacitaci\u00f3n de como abordar un helic\u00f3ptero utilizado como rescate en un accidente.<\/p>\n<p>El cierre del s\u00e1bado fue la presentaci\u00f3n del primer simulador de rescate vehicular pesado de Am\u00e9rica.<br \/>\nFue este s\u00e1bado frente al cuartel N\u00ba 45 en el marco del Workshop 2018 nivel 1.  El simulador ser\u00e1 transportado por los bomberos de nuestra ciudad por toda Argentina e incluso llegando a pa\u00edses lim\u00edtrofes para realizar capacitaciones. El sargento Gabriel Fontanari nos brind\u00f3 los detalles de esta creaci\u00f3n.  <\/p>\n<p>En la segunda jornada del Workshop, los 87 bomberos participantes provenientes de diferentes puntos de Argentina e incluso de Brasil, Chile y Colombia, realizaron sus pr\u00e1cticas en la empresa Divisi\u00f3n de Camiones ubicada en la localidad de Higueras. Principalmente mantuvieron estaciones de an\u00e1lisis de deformaci\u00f3n de cabinas de camiones.<\/p>\n<p>Adem\u00e1s, integrantes de UTV emergencias, una empresa de m\u00e9dicos helitransportados, gracias a las gestiones del bombero baraderense y m\u00e9dico Fernando Gerber, realizaron una demostraci\u00f3n y una capacitaci\u00f3n de como abordar un helic\u00f3ptero. Debido a que la misma pertenece a Rosario y tiene incidencia en nuestra zona en caso de haber un accidente en la Ruta 9 que requiera su intervenci\u00f3n.<\/p>\n<p>Alrededor de las 20 llegaron al cuartel central y all\u00ed comenz\u00f3 el gran cierre del d\u00eda: la presentaci\u00f3n del primer simulador de rescate vehicular pesado de todo Am\u00e9rica. Respecto del mismo, Fontanari explic\u00f3:<\/p>\n<p>\u201cEste es un dise\u00f1o propio, a nivel personal e institucional. Pero con la ingenier\u00eda de la gente de Furtan y el ingeniero Daniel Montenegro, que fue quien hizo toda la ingenier\u00eda, valga la redundancia, para dise\u00f1ar esta cabina de cami\u00f3n. Se tomaron las medidas de una cabina de cami\u00f3n similar a la cabina del cami\u00f3n que la est\u00e1 transportando en este momento.  Est\u00e1 dotado de un sistema neum\u00e1tico, el cual le da resistencia para que cuando la herramienta se posicione y trabaje, sea similar a la cual se va a encontrar la herramienta en una situaci\u00f3n real\u201d.<\/p>\n<p>Adem\u00e1s cont\u00f3 que Gabriel Barattini fue el dibujante de planos y que la mano de obra fue de los bomberos de Baradero. \u201cLuis Parodi y Marcelo Sassone fueron quienes se pusieron a cargo de este proyecto y empezaron a trabajar muy fuertemente para llegar hoy a presentarlo\u201d detall\u00f3 Fontanari.<\/p>\n<p>Este simulador les permite hacer mas de diez maniobras de extracci\u00f3n de v\u00edctima diferentes. A su vez, es la primera cabina de dos que tendr\u00e1 el simulador. El objetivo es comprar un cami\u00f3n al cual ponerle las dos cabinas y llevarlo por Argentina y pa\u00edses lim\u00edtrofes para realizar capacitaciones.<\/p>\n<p>De hecho, la camioneta Toyota con la que cuentan los Bomberos Voluntarios de Baradero, y la cual fue utilizada en noviembre en el primer Workshop, fue el primer simulador de rescate vehicular liviano de nuestro pa\u00eds.<\/p>\n<p>Finalmente, el domingo trabajaron en un escenario posible montado en el Anfiteatro Municipal. All\u00ed aprendieron t\u00e9cnicas de rescate en un colectivo volcado.<\/p>\n<div data-carousel-extra='{&quot;blog_id&quot;:1,&quot;permalink&quot;:&quot;https:\/\/eldiariodesanpedro.com.ar\/sitio\/baradero-finalizo-el-workshop-2018-realizado-en-nuestra-ciudad\/&quot;}' id='gallery-1' class='gallery galleryid-33848 gallery-columns-3 gallery-size-large'><figure class='gallery-item'>\n\t\t\t<div class='gallery-icon landscape'>\n\t\t\t\t<a href='https:\/\/eldiariodesanpedro.com.ar\/sitio\/wp-content\/uploads\/2018\/05\/12workshop.jpg'><img decoding=\"async\" width=\"640\" height=\"360\" data-src=\"https:\/\/eldiariodesanpedro.com.ar\/sitio\/wp-content\/uploads\/2018\/05\/12workshop-1024x576.jpg\" class=\"attachment-large size-large lazyload\" alt=\"El Diario de San Pedro | Noticias locales y regionales\" data-srcset=\"https:\/\/eldiariodesanpedro.com.ar\/sitio\/wp-content\/uploads\/2018\/05\/12workshop-1024x576.jpg 1024w, https:\/\/eldiariodesanpedro.com.ar\/sitio\/wp-content\/uploads\/2018\/05\/12workshop-300x169.jpg 300w, https:\/\/eldiariodesanpedro.com.ar\/sitio\/wp-content\/uploads\/2018\/05\/12workshop-768x432.jpg 768w, https:\/\/eldiariodesanpedro.com.ar\/sitio\/wp-content\/uploads\/2018\/05\/12workshop.jpg 1280w\" data-sizes=\"(max-width: 640px) 100vw, 640px\" data-attachment-id=\"33856\" data-permalink=\"https:\/\/eldiariodesanpedro.com.ar\/sitio\/baradero-finalizo-el-workshop-2018-realizado-en-nuestra-ciudad\/12workshop\/\" data-orig-file=\"https:\/\/eldiariodesanpedro.com.ar\/sitio\/wp-content\/uploads\/2018\/05\/12workshop.jpg\" data-orig-size=\"1280,720\" data-comments-opened=\"1\" data-image-meta=\"{&quot;aperture&quot;:&quot;0&quot;,&quot;credit&quot;:&quot;&quot;,&quot;camera&quot;:&quot;&quot;,&quot;caption&quot;:&quot;&quot;,&quot;created_timestamp&quot;:&quot;0&quot;,&quot;copyright&quot;:&quot;&quot;,&quot;focal_length&quot;:&quot;0&quot;,&quot;iso&quot;:&quot;0&quot;,&quot;shutter_speed&quot;:&quot;0&quot;,&quot;title&quot;:&quot;&quot;,&quot;orientation&quot;:&quot;0&quot;}\" data-image-title=\"12workshop\" data-image-description=\"\" data-image-caption=\"\" data-large-file=\"https:\/\/eldiariodesanpedro.com.ar\/sitio\/wp-content\/uploads\/2018\/05\/12workshop-1024x576.jpg\" src=\"data:image\/svg+xml;base64,PHN2ZyB3aWR0aD0iMSIgaGVpZ2h0PSIxIiB4bWxucz0iaHR0cDovL3d3dy53My5vcmcvMjAwMC9zdmciPjwvc3ZnPg==\" style=\"--smush-placeholder-width: 640px; --smush-placeholder-aspect-ratio: 640\/360;\" \/><\/a>\n\t\t\t<\/div><\/figure><figure class='gallery-item'>\n\t\t\t<div class='gallery-icon landscape'>\n\t\t\t\t<a href='https:\/\/eldiariodesanpedro.com.ar\/sitio\/wp-content\/uploads\/2018\/05\/2workshop.jpg'><img decoding=\"async\" width=\"640\" height=\"360\" data-src=\"https:\/\/eldiariodesanpedro.com.ar\/sitio\/wp-content\/uploads\/2018\/05\/2workshop-1024x576.jpg\" class=\"attachment-large size-large lazyload\" alt=\"El Diario de San Pedro | Noticias locales y regionales\" data-srcset=\"https:\/\/eldiariodesanpedro.com.ar\/sitio\/wp-content\/uploads\/2018\/05\/2workshop-1024x576.jpg 1024w, https:\/\/eldiariodesanpedro.com.ar\/sitio\/wp-content\/uploads\/2018\/05\/2workshop-300x169.jpg 300w, https:\/\/eldiariodesanpedro.com.ar\/sitio\/wp-content\/uploads\/2018\/05\/2workshop-768x432.jpg 768w, https:\/\/eldiariodesanpedro.com.ar\/sitio\/wp-content\/uploads\/2018\/05\/2workshop.jpg 1032w\" data-sizes=\"(max-width: 640px) 100vw, 640px\" data-attachment-id=\"33850\" data-permalink=\"https:\/\/eldiariodesanpedro.com.ar\/sitio\/baradero-finalizo-el-workshop-2018-realizado-en-nuestra-ciudad\/2workshop\/\" data-orig-file=\"https:\/\/eldiariodesanpedro.com.ar\/sitio\/wp-content\/uploads\/2018\/05\/2workshop.jpg\" data-orig-size=\"1032,581\" data-comments-opened=\"1\" data-image-meta=\"{&quot;aperture&quot;:&quot;0&quot;,&quot;credit&quot;:&quot;&quot;,&quot;camera&quot;:&quot;&quot;,&quot;caption&quot;:&quot;&quot;,&quot;created_timestamp&quot;:&quot;0&quot;,&quot;copyright&quot;:&quot;&quot;,&quot;focal_length&quot;:&quot;0&quot;,&quot;iso&quot;:&quot;0&quot;,&quot;shutter_speed&quot;:&quot;0&quot;,&quot;title&quot;:&quot;&quot;,&quot;orientation&quot;:&quot;0&quot;}\" data-image-title=\"2workshop\" data-image-description=\"\" data-image-caption=\"\" data-large-file=\"https:\/\/eldiariodesanpedro.com.ar\/sitio\/wp-content\/uploads\/2018\/05\/2workshop-1024x576.jpg\" src=\"data:image\/svg+xml;base64,PHN2ZyB3aWR0aD0iMSIgaGVpZ2h0PSIxIiB4bWxucz0iaHR0cDovL3d3dy53My5vcmcvMjAwMC9zdmciPjwvc3ZnPg==\" style=\"--smush-placeholder-width: 640px; --smush-placeholder-aspect-ratio: 640\/360;\" \/><\/a>\n\t\t\t<\/div><\/figure><figure class='gallery-item'>\n\t\t\t<div class='gallery-icon landscape'>\n\t\t\t\t<a href='https:\/\/eldiariodesanpedro.com.ar\/sitio\/wp-content\/uploads\/2018\/05\/7workshop.jpg'><img decoding=\"async\" width=\"640\" height=\"480\" data-src=\"https:\/\/eldiariodesanpedro.com.ar\/sitio\/wp-content\/uploads\/2018\/05\/7workshop-1024x768.jpg\" class=\"attachment-large size-large lazyload\" alt=\"El Diario de San Pedro | Noticias locales y regionales\" data-srcset=\"https:\/\/eldiariodesanpedro.com.ar\/sitio\/wp-content\/uploads\/2018\/05\/7workshop-1024x768.jpg 1024w, https:\/\/eldiariodesanpedro.com.ar\/sitio\/wp-content\/uploads\/2018\/05\/7workshop-300x225.jpg 300w, https:\/\/eldiariodesanpedro.com.ar\/sitio\/wp-content\/uploads\/2018\/05\/7workshop-768x576.jpg 768w, https:\/\/eldiariodesanpedro.com.ar\/sitio\/wp-content\/uploads\/2018\/05\/7workshop.jpg 1032w\" data-sizes=\"(max-width: 640px) 100vw, 640px\" data-attachment-id=\"33852\" data-permalink=\"https:\/\/eldiariodesanpedro.com.ar\/sitio\/baradero-finalizo-el-workshop-2018-realizado-en-nuestra-ciudad\/7workshop\/\" data-orig-file=\"https:\/\/eldiariodesanpedro.com.ar\/sitio\/wp-content\/uploads\/2018\/05\/7workshop.jpg\" data-orig-size=\"1032,774\" data-comments-opened=\"1\" data-image-meta=\"{&quot;aperture&quot;:&quot;0&quot;,&quot;credit&quot;:&quot;&quot;,&quot;camera&quot;:&quot;&quot;,&quot;caption&quot;:&quot;&quot;,&quot;created_timestamp&quot;:&quot;0&quot;,&quot;copyright&quot;:&quot;&quot;,&quot;focal_length&quot;:&quot;0&quot;,&quot;iso&quot;:&quot;0&quot;,&quot;shutter_speed&quot;:&quot;0&quot;,&quot;title&quot;:&quot;&quot;,&quot;orientation&quot;:&quot;0&quot;}\" data-image-title=\"7workshop\" data-image-description=\"\" data-image-caption=\"\" data-large-file=\"https:\/\/eldiariodesanpedro.com.ar\/sitio\/wp-content\/uploads\/2018\/05\/7workshop-1024x768.jpg\" src=\"data:image\/svg+xml;base64,PHN2ZyB3aWR0aD0iMSIgaGVpZ2h0PSIxIiB4bWxucz0iaHR0cDovL3d3dy53My5vcmcvMjAwMC9zdmciPjwvc3ZnPg==\" style=\"--smush-placeholder-width: 640px; --smush-placeholder-aspect-ratio: 640\/480;\" \/><\/a>\n\t\t\t<\/div><\/figure><figure class='gallery-item'>\n\t\t\t<div class='gallery-icon landscape'>\n\t\t\t\t<a href='https:\/\/eldiariodesanpedro.com.ar\/sitio\/wp-content\/uploads\/2018\/05\/10workshop.jpg'><img decoding=\"async\" width=\"640\" height=\"360\" data-src=\"https:\/\/eldiariodesanpedro.com.ar\/sitio\/wp-content\/uploads\/2018\/05\/10workshop-1024x576.jpg\" class=\"attachment-large size-large lazyload\" alt=\"El Diario de San Pedro | Noticias locales y regionales\" data-srcset=\"https:\/\/eldiariodesanpedro.com.ar\/sitio\/wp-content\/uploads\/2018\/05\/10workshop-1024x576.jpg 1024w, https:\/\/eldiariodesanpedro.com.ar\/sitio\/wp-content\/uploads\/2018\/05\/10workshop-300x169.jpg 300w, https:\/\/eldiariodesanpedro.com.ar\/sitio\/wp-content\/uploads\/2018\/05\/10workshop-768x432.jpg 768w, https:\/\/eldiariodesanpedro.com.ar\/sitio\/wp-content\/uploads\/2018\/05\/10workshop.jpg 1032w\" data-sizes=\"(max-width: 640px) 100vw, 640px\" data-attachment-id=\"33855\" data-permalink=\"https:\/\/eldiariodesanpedro.com.ar\/sitio\/baradero-finalizo-el-workshop-2018-realizado-en-nuestra-ciudad\/10workshop\/\" data-orig-file=\"https:\/\/eldiariodesanpedro.com.ar\/sitio\/wp-content\/uploads\/2018\/05\/10workshop.jpg\" data-orig-size=\"1032,581\" data-comments-opened=\"1\" data-image-meta=\"{&quot;aperture&quot;:&quot;0&quot;,&quot;credit&quot;:&quot;&quot;,&quot;camera&quot;:&quot;&quot;,&quot;caption&quot;:&quot;&quot;,&quot;created_timestamp&quot;:&quot;0&quot;,&quot;copyright&quot;:&quot;&quot;,&quot;focal_length&quot;:&quot;0&quot;,&quot;iso&quot;:&quot;0&quot;,&quot;shutter_speed&quot;:&quot;0&quot;,&quot;title&quot;:&quot;&quot;,&quot;orientation&quot;:&quot;0&quot;}\" data-image-title=\"10workshop\" data-image-description=\"\" data-image-caption=\"\" data-large-file=\"https:\/\/eldiariodesanpedro.com.ar\/sitio\/wp-content\/uploads\/2018\/05\/10workshop-1024x576.jpg\" src=\"data:image\/svg+xml;base64,PHN2ZyB3aWR0aD0iMSIgaGVpZ2h0PSIxIiB4bWxucz0iaHR0cDovL3d3dy53My5vcmcvMjAwMC9zdmciPjwvc3ZnPg==\" style=\"--smush-placeholder-width: 640px; --smush-placeholder-aspect-ratio: 640\/360;\" \/><\/a>\n\t\t\t<\/div><\/figure><figure class='gallery-item'>\n\t\t\t<div class='gallery-icon landscape'>\n\t\t\t\t<a href='https:\/\/eldiariodesanpedro.com.ar\/sitio\/wp-content\/uploads\/2018\/05\/8workshop.jpg'><img decoding=\"async\" width=\"640\" height=\"480\" data-src=\"https:\/\/eldiariodesanpedro.com.ar\/sitio\/wp-content\/uploads\/2018\/05\/8workshop-1024x768.jpg\" class=\"attachment-large size-large lazyload\" alt=\"El Diario de San Pedro | Noticias locales y regionales\" data-srcset=\"https:\/\/eldiariodesanpedro.com.ar\/sitio\/wp-content\/uploads\/2018\/05\/8workshop-1024x768.jpg 1024w, https:\/\/eldiariodesanpedro.com.ar\/sitio\/wp-content\/uploads\/2018\/05\/8workshop-300x225.jpg 300w, https:\/\/eldiariodesanpedro.com.ar\/sitio\/wp-content\/uploads\/2018\/05\/8workshop-768x576.jpg 768w, https:\/\/eldiariodesanpedro.com.ar\/sitio\/wp-content\/uploads\/2018\/05\/8workshop.jpg 1032w\" data-sizes=\"(max-width: 640px) 100vw, 640px\" data-attachment-id=\"33853\" data-permalink=\"https:\/\/eldiariodesanpedro.com.ar\/sitio\/baradero-finalizo-el-workshop-2018-realizado-en-nuestra-ciudad\/8workshop\/\" data-orig-file=\"https:\/\/eldiariodesanpedro.com.ar\/sitio\/wp-content\/uploads\/2018\/05\/8workshop.jpg\" data-orig-size=\"1032,774\" data-comments-opened=\"1\" data-image-meta=\"{&quot;aperture&quot;:&quot;0&quot;,&quot;credit&quot;:&quot;&quot;,&quot;camera&quot;:&quot;&quot;,&quot;caption&quot;:&quot;&quot;,&quot;created_timestamp&quot;:&quot;0&quot;,&quot;copyright&quot;:&quot;&quot;,&quot;focal_length&quot;:&quot;0&quot;,&quot;iso&quot;:&quot;0&quot;,&quot;shutter_speed&quot;:&quot;0&quot;,&quot;title&quot;:&quot;&quot;,&quot;orientation&quot;:&quot;0&quot;}\" data-image-title=\"8workshop\" data-image-description=\"\" data-image-caption=\"\" data-large-file=\"https:\/\/eldiariodesanpedro.com.ar\/sitio\/wp-content\/uploads\/2018\/05\/8workshop-1024x768.jpg\" src=\"data:image\/svg+xml;base64,PHN2ZyB3aWR0aD0iMSIgaGVpZ2h0PSIxIiB4bWxucz0iaHR0cDovL3d3dy53My5vcmcvMjAwMC9zdmciPjwvc3ZnPg==\" style=\"--smush-placeholder-width: 640px; --smush-placeholder-aspect-ratio: 640\/480;\" \/><\/a>\n\t\t\t<\/div><\/figure><figure class='gallery-item'>\n\t\t\t<div class='gallery-icon landscape'>\n\t\t\t\t<a href='https:\/\/eldiariodesanpedro.com.ar\/sitio\/wp-content\/uploads\/2018\/05\/3workshop.jpg'><img decoding=\"async\" width=\"640\" height=\"360\" data-src=\"https:\/\/eldiariodesanpedro.com.ar\/sitio\/wp-content\/uploads\/2018\/05\/3workshop-1024x576.jpg\" class=\"attachment-large size-large lazyload\" alt=\"El Diario de San Pedro | Noticias locales y regionales\" data-srcset=\"https:\/\/eldiariodesanpedro.com.ar\/sitio\/wp-content\/uploads\/2018\/05\/3workshop-1024x576.jpg 1024w, https:\/\/eldiariodesanpedro.com.ar\/sitio\/wp-content\/uploads\/2018\/05\/3workshop-300x169.jpg 300w, https:\/\/eldiariodesanpedro.com.ar\/sitio\/wp-content\/uploads\/2018\/05\/3workshop-768x432.jpg 768w, https:\/\/eldiariodesanpedro.com.ar\/sitio\/wp-content\/uploads\/2018\/05\/3workshop.jpg 1032w\" data-sizes=\"(max-width: 640px) 100vw, 640px\" data-attachment-id=\"33851\" data-permalink=\"https:\/\/eldiariodesanpedro.com.ar\/sitio\/baradero-finalizo-el-workshop-2018-realizado-en-nuestra-ciudad\/3workshop\/\" data-orig-file=\"https:\/\/eldiariodesanpedro.com.ar\/sitio\/wp-content\/uploads\/2018\/05\/3workshop.jpg\" data-orig-size=\"1032,581\" data-comments-opened=\"1\" data-image-meta=\"{&quot;aperture&quot;:&quot;0&quot;,&quot;credit&quot;:&quot;&quot;,&quot;camera&quot;:&quot;&quot;,&quot;caption&quot;:&quot;&quot;,&quot;created_timestamp&quot;:&quot;0&quot;,&quot;copyright&quot;:&quot;&quot;,&quot;focal_length&quot;:&quot;0&quot;,&quot;iso&quot;:&quot;0&quot;,&quot;shutter_speed&quot;:&quot;0&quot;,&quot;title&quot;:&quot;&quot;,&quot;orientation&quot;:&quot;0&quot;}\" data-image-title=\"3workshop\" data-image-description=\"\" data-image-caption=\"\" data-large-file=\"https:\/\/eldiariodesanpedro.com.ar\/sitio\/wp-content\/uploads\/2018\/05\/3workshop-1024x576.jpg\" src=\"data:image\/svg+xml;base64,PHN2ZyB3aWR0aD0iMSIgaGVpZ2h0PSIxIiB4bWxucz0iaHR0cDovL3d3dy53My5vcmcvMjAwMC9zdmciPjwvc3ZnPg==\" style=\"--smush-placeholder-width: 640px; --smush-placeholder-aspect-ratio: 640\/360;\" \/><\/a>\n\t\t\t<\/div><\/figure><figure class='gallery-item'>\n\t\t\t<div class='gallery-icon landscape'>\n\t\t\t\t<a href='https:\/\/eldiariodesanpedro.com.ar\/sitio\/wp-content\/uploads\/2018\/05\/9workshop.jpg'><img decoding=\"async\" width=\"640\" height=\"360\" data-src=\"https:\/\/eldiariodesanpedro.com.ar\/sitio\/wp-content\/uploads\/2018\/05\/9workshop-1024x576.jpg\" class=\"attachment-large size-large lazyload\" alt=\"El Diario de San Pedro | Noticias locales y regionales\" data-srcset=\"https:\/\/eldiariodesanpedro.com.ar\/sitio\/wp-content\/uploads\/2018\/05\/9workshop-1024x576.jpg 1024w, https:\/\/eldiariodesanpedro.com.ar\/sitio\/wp-content\/uploads\/2018\/05\/9workshop-300x169.jpg 300w, https:\/\/eldiariodesanpedro.com.ar\/sitio\/wp-content\/uploads\/2018\/05\/9workshop-768x432.jpg 768w, https:\/\/eldiariodesanpedro.com.ar\/sitio\/wp-content\/uploads\/2018\/05\/9workshop.jpg 1032w\" data-sizes=\"(max-width: 640px) 100vw, 640px\" data-attachment-id=\"33854\" data-permalink=\"https:\/\/eldiariodesanpedro.com.ar\/sitio\/baradero-finalizo-el-workshop-2018-realizado-en-nuestra-ciudad\/9workshop\/\" data-orig-file=\"https:\/\/eldiariodesanpedro.com.ar\/sitio\/wp-content\/uploads\/2018\/05\/9workshop.jpg\" data-orig-size=\"1032,581\" data-comments-opened=\"1\" data-image-meta=\"{&quot;aperture&quot;:&quot;0&quot;,&quot;credit&quot;:&quot;&quot;,&quot;camera&quot;:&quot;&quot;,&quot;caption&quot;:&quot;&quot;,&quot;created_timestamp&quot;:&quot;0&quot;,&quot;copyright&quot;:&quot;&quot;,&quot;focal_length&quot;:&quot;0&quot;,&quot;iso&quot;:&quot;0&quot;,&quot;shutter_speed&quot;:&quot;0&quot;,&quot;title&quot;:&quot;&quot;,&quot;orientation&quot;:&quot;0&quot;}\" data-image-title=\"9workshop\" data-image-description=\"\" data-image-caption=\"\" data-large-file=\"https:\/\/eldiariodesanpedro.com.ar\/sitio\/wp-content\/uploads\/2018\/05\/9workshop-1024x576.jpg\" src=\"data:image\/svg+xml;base64,PHN2ZyB3aWR0aD0iMSIgaGVpZ2h0PSIxIiB4bWxucz0iaHR0cDovL3d3dy53My5vcmcvMjAwMC9zdmciPjwvc3ZnPg==\" style=\"--smush-placeholder-width: 640px; --smush-placeholder-aspect-ratio: 640\/360;\" \/><\/a>\n\t\t\t<\/div><\/figure>\n\t\t<\/div>\n\n","protected":false},"excerpt":{"rendered":"<p>87 bomberos de diferentes puntos del pa\u00eds e incluso de Brasil, Chile y Colombia se capacitaron en rescate vehicular pesado durante el fin de semana en Baradero. El evento cont\u00f3 incluso con la presentaci\u00f3n del primer simulador de rescate de veh\u00edculos grandes de toda Am\u00e9rica, dise\u00f1ado y construido por baraderenses. El viernes se desarroll\u00f3 la [&hellip;]<\/p>\n","protected":false},"author":4,"featured_media":33849,"comment_status":"open","ping_status":"closed","sticky":false,"template":"","format":"standard","meta":{"om_disable_all_campaigns":false,"_jetpack_memberships_contains_paid_content":false,"footnotes":""},"categories":[621],"tags":[],"class_list":["post-33848","post","type-post","status-publish","format-standard","has-post-thumbnail","hentry","category-regionales"],"aioseo_notices":[],"gutentor_comment":0,"jetpack_featured_media_url":"https:\/\/eldiariodesanpedro.com.ar\/sitio\/wp-content\/uploads\/2018\/05\/bombers.jpg","jetpack_shortlink":"https:\/\/wp.me\/p6RhLt-8NW","jetpack_sharing_enabled":true,"_links":{"self":[{"href":"https:\/\/eldiariodesanpedro.com.ar\/sitio\/wp-json\/wp\/v2\/posts\/33848","targetHints":{"allow":["GET"]}}],"collection":[{"href":"https:\/\/eldiariodesanpedro.com.ar\/sitio\/wp-json\/wp\/v2\/posts"}],"about":[{"href":"https:\/\/eldiariodesanpedro.com.ar\/sitio\/wp-json\/wp\/v2\/types\/post"}],"author":[{"embeddable":true,"href":"https:\/\/eldiariodesanpedro.com.ar\/sitio\/wp-json\/wp\/v2\/users\/4"}],"replies":[{"embeddable":true,"href":"https:\/\/eldiariodesanpedro.com.ar\/sitio\/wp-json\/wp\/v2\/comments?post=33848"}],"version-history":[{"count":1,"href":"https:\/\/eldiariodesanpedro.com.ar\/sitio\/wp-json\/wp\/v2\/posts\/33848\/revisions"}],"predecessor-version":[{"id":33857,"href":"https:\/\/eldiariodesanpedro.com.ar\/sitio\/wp-json\/wp\/v2\/posts\/33848\/revisions\/33857"}],"wp:featuredmedia":[{"embeddable":true,"href":"https:\/\/eldiariodesanpedro.com.ar\/sitio\/wp-json\/wp\/v2\/media\/33849"}],"wp:attachment":[{"href":"https:\/\/eldiariodesanpedro.com.ar\/sitio\/wp-json\/wp\/v2\/media?parent=33848"}],"wp:term":[{"taxonomy":"category","embeddable":true,"href":"https:\/\/eldiariodesanpedro.com.ar\/sitio\/wp-json\/wp\/v2\/categories?post=33848"},{"taxonomy":"post_tag","embeddable":true,"href":"https:\/\/eldiariodesanpedro.com.ar\/sitio\/wp-json\/wp\/v2\/tags?post=33848"}],"curies":[{"name":"wp","href":"https:\/\/api.w.org\/{rel}","templated":true}]}}