{"id":33845,"date":"2018-05-29T09:58:29","date_gmt":"2018-05-29T12:58:29","guid":{"rendered":"https:\/\/eldiariodesanpedro.com.ar\/sitio\/?p=33845"},"modified":"2018-05-29T09:58:29","modified_gmt":"2018-05-29T12:58:29","slug":"baradero-con-mas-de-7000-personas-la-fiesta-del-guiso-carrero-y-el-pastel-fue-un-exito","status":"publish","type":"post","link":"https:\/\/eldiariodesanpedro.com.ar\/sitio\/baradero-con-mas-de-7000-personas-la-fiesta-del-guiso-carrero-y-el-pastel-fue-un-exito\/","title":{"rendered":"BARADERO: Con m\u00e1s de 7000 personas, la Fiesta del Guiso Carrero y el Pastel fue un \u00e9xito"},"content":{"rendered":"<p><!-- VideographyWP Plugin Message: Automatic video embedding prevented by plugin options. --><br \/>\nEn un magn\u00edfico marco, se llev\u00f3 cabo en Ireneo Portela la 13\u00b0 edici\u00f3n de la Fiesta del Guiso Carrero y el Pastel conmemorando tambi\u00e9n el D\u00eda de la Patria con el inicio del acto protocolar enmarcando lo que fue en 1810 la Revoluci\u00f3n de Mayo. <\/p>\n<p>La fiesta, con el magn\u00edfico trabajo de los vecinos porteleros, cont\u00f3 con m\u00e1s de 7000 personas, entre ellos, vecinos de la ciudad y turistas que disfrutarondel mate, guiso, pastel, asado, m\u00fasica, baile y un excepcional clima que contribuy\u00f3 a que la jornada sea todo un \u00e9xito.<\/p>\n<p>Para iniciar la importante jornada se desarroll\u00f3 en la Estaci\u00f3n de Trenes de Portela el acto oficial del D\u00eda de la Revoluci\u00f3n de Mayo, con la presencia de funcionarios, encabezados por la intendente Fernanda Antonijevic, fuerzas vivas, p\u00e1rroco de Portela, docentes y estudiantes de establecimientos educativos y vecinos del distrito.<\/p>\n<p>Despu\u00e9s de conmemorar emotivamente la fecha patria, se dio inicio a la 13\u00b0 Fiesta del Guiso Carrero y el Pastel, un evento que se realiz\u00f3 con el inmenso y comprometido trabajo de los porteleros que pusieron a disposici\u00f3n de baraderenses y turistas una jornada excepcional, que alberg\u00f3 a m\u00e1s de 7000 personas y cont\u00f3, principalmente, con un show del Negro \u00c1vila y los Wawanco con sus mayores \u00e9xitos; adem\u00e1s de los n\u00fameros musicales, bailes, la feria de artesanos y las distintas exhibiciones que condimentaron un viernes bien argentino.<\/p>\n","protected":false},"excerpt":{"rendered":"<p>En un magn\u00edfico marco, se llev\u00f3 cabo en Ireneo Portela la 13\u00b0 edici\u00f3n de la Fiesta del Guiso Carrero y el Pastel conmemorando tambi\u00e9n el D\u00eda de la Patria con el inicio del acto protocolar enmarcando lo que fue en 1810 la Revoluci\u00f3n de Mayo. La fiesta, con el magn\u00edfico trabajo de los vecinos porteleros, [&hellip;]<\/p>\n","protected":false},"author":4,"featured_media":33846,"comment_status":"open","ping_status":"closed","sticky":false,"template":"","format":"standard","meta":{"om_disable_all_campaigns":false,"_jetpack_memberships_contains_paid_content":false,"footnotes":""},"categories":[621],"tags":[],"class_list":["post-33845","post","type-post","status-publish","format-standard","has-post-thumbnail","hentry","category-regionales"],"aioseo_notices":[],"gutentor_comment":0,"jetpack_featured_media_url":"https:\/\/eldiariodesanpedro.com.ar\/sitio\/wp-content\/uploads\/2018\/05\/DSC_5254.jpg","jetpack_shortlink":"https:\/\/wp.me\/p6RhLt-8NT","jetpack_sharing_enabled":true,"_links":{"self":[{"href":"https:\/\/eldiariodesanpedro.com.ar\/sitio\/wp-json\/wp\/v2\/posts\/33845","targetHints":{"allow":["GET"]}}],"collection":[{"href":"https:\/\/eldiariodesanpedro.com.ar\/sitio\/wp-json\/wp\/v2\/posts"}],"about":[{"href":"https:\/\/eldiariodesanpedro.com.ar\/sitio\/wp-json\/wp\/v2\/types\/post"}],"author":[{"embeddable":true,"href":"https:\/\/eldiariodesanpedro.com.ar\/sitio\/wp-json\/wp\/v2\/users\/4"}],"replies":[{"embeddable":true,"href":"https:\/\/eldiariodesanpedro.com.ar\/sitio\/wp-json\/wp\/v2\/comments?post=33845"}],"version-history":[{"count":1,"href":"https:\/\/eldiariodesanpedro.com.ar\/sitio\/wp-json\/wp\/v2\/posts\/33845\/revisions"}],"predecessor-version":[{"id":33847,"href":"https:\/\/eldiariodesanpedro.com.ar\/sitio\/wp-json\/wp\/v2\/posts\/33845\/revisions\/33847"}],"wp:featuredmedia":[{"embeddable":true,"href":"https:\/\/eldiariodesanpedro.com.ar\/sitio\/wp-json\/wp\/v2\/media\/33846"}],"wp:attachment":[{"href":"https:\/\/eldiariodesanpedro.com.ar\/sitio\/wp-json\/wp\/v2\/media?parent=33845"}],"wp:term":[{"taxonomy":"category","embeddable":true,"href":"https:\/\/eldiariodesanpedro.com.ar\/sitio\/wp-json\/wp\/v2\/categories?post=33845"},{"taxonomy":"post_tag","embeddable":true,"href":"https:\/\/eldiariodesanpedro.com.ar\/sitio\/wp-json\/wp\/v2\/tags?post=33845"}],"curies":[{"name":"wp","href":"https:\/\/api.w.org\/{rel}","templated":true}]}}