{"id":33842,"date":"2018-05-29T09:56:16","date_gmt":"2018-05-29T12:56:16","guid":{"rendered":"https:\/\/eldiariodesanpedro.com.ar\/sitio\/?p=33842"},"modified":"2018-05-29T09:56:16","modified_gmt":"2018-05-29T12:56:16","slug":"estamos-analizando-dejar-una-zona-porque-se-ha-puesto-complicada","status":"publish","type":"post","link":"https:\/\/eldiariodesanpedro.com.ar\/sitio\/estamos-analizando-dejar-una-zona-porque-se-ha-puesto-complicada\/","title":{"rendered":"\u201cEstamos analizando dejar una zona porque se ha puesto complicada\u201d"},"content":{"rendered":"<p><!-- VideographyWP Plugin Message: Automatic video embedding prevented by plugin options. --><br \/>\nPatricio C\u00e1nepa, due\u00f1o de la distribuidora Jezreel que sufri\u00f3 un violento robo en uno de sus camiones en San Pedro asegur\u00f3 que dejar\u00edan de hacer los recorridos en nuestra ciudad.<\/p>\n<p>Tras el robo sufrido en el barrio Hermano Indio, el empresario brind\u00f3 detalles de lo ocurrido y adem\u00e1s cont\u00f3 los planteos que junto a los trabajadores se hicieron respecto de repartir en determinadas zonas de la vecina ciudad. <\/p>\n<p>El robo fue alrededor de las 9.30 cuando dos hombres encapuchados que se trasladaban en una moto robaron un cami\u00f3n de esta empresa en San Pedro. <\/p>\n<p>El cami\u00f3n Ford 4000 fue sustra\u00eddo en una zona que ya los distribuidores reconocen como peligrosa. Este hecho fue en el barrio 2 de Abril, en cercan\u00edas a la calle 11 de septiembre.<\/p>\n<p>Los ladrones abordaron al trabajador que se encontraba en el asiento de acompa\u00f1ante del cami\u00f3n. Incluso uno de ellos le dio varios puntazos. Afortunadamente no pudo lastimarlo debido a la cantidad de ropa que ten\u00eda puesta. \u201cCalculo que fue para asustarlo, si lo quieren lastimar yo calculo que hubiesen actuado de otra manera\u201d afirm\u00f3 C\u00e1nepa.<\/p>\n<p>Logran bajarlo, y cae en una zanja. Los delincuentes se llevaron el veh\u00edculo dejando a ambos empleados en el comercio donde estaba estacionado. \u201cSe lo llevan en primera con el freno de mano puesto forz\u00e1ndolo unas siete, ocho cuadras\u201d relat\u00f3 el due\u00f1o de la empresa. All\u00ed lo abandonaron y s\u00f3lo se llevaron una caja de paquetes de fideos y un celular.  \u201cBuscaron plata pero no encontraron porque estaba en la caja fuerte y no la abr\u00eds tan f\u00e1cil\u201d agreg\u00f3.<\/p>\n<p>Adem\u00e1s, Patricio cont\u00f3 que ese d\u00eda por la tarde hablaron junto a los empleados para analizar c\u00f3mo seguir. \u201cLos colegas de San Pedro a ese barrio hay muchos que no van m\u00e1s. Uno a veces hasta que no le pasan las cosas no lo piensa\u201d manifest\u00f3.<\/p>\n<p>\u201cEst\u00e1bamos analizando dejar una zona de all\u00e1 que se ha puesto complicada. Al cliente  nos da lastima decirle -no te puedo vender m\u00e1s-, pero primero est\u00e1 la integridad de cada uno, m\u00e1s all\u00e1 del trabajo\u201d<\/p>\n<p>Sobre los empleados que sufrieron el hecho, afirm\u00f3 que no pudieron terminar el reparto porque se encontraban muy nerviosos. Por lo cual, cuando fiscal\u00eda les regres\u00f3 el cami\u00f3n  en horas del mediod\u00eda, decidieron regresar a Baradero. \u201cLos chicos son compa\u00f1eros de trabajo y trabajadores de la empresa (\u2026) no queremos arriesgarnos por un reparto\u201dsubray\u00f3 el due\u00f1o de Jezreel.<\/p>\n<p>Fuente: Tu Linea Directa<\/p>\n","protected":false},"excerpt":{"rendered":"<p>Patricio C\u00e1nepa, due\u00f1o de la distribuidora Jezreel que sufri\u00f3 un violento robo en uno de sus camiones en San Pedro asegur\u00f3 que dejar\u00edan de hacer los recorridos en nuestra ciudad. Tras el robo sufrido en el barrio Hermano Indio, el empresario brind\u00f3 detalles de lo ocurrido y adem\u00e1s cont\u00f3 los planteos que junto a los [&hellip;]<\/p>\n","protected":false},"author":4,"featured_media":33843,"comment_status":"open","ping_status":"closed","sticky":false,"template":"","format":"standard","meta":{"om_disable_all_campaigns":false,"_jetpack_memberships_contains_paid_content":false,"footnotes":""},"categories":[2,103],"tags":[],"class_list":["post-33842","post","type-post","status-publish","format-standard","has-post-thumbnail","hentry","category-locales","category-policiales-locales"],"aioseo_notices":[],"gutentor_comment":0,"jetpack_featured_media_url":"https:\/\/eldiariodesanpedro.com.ar\/sitio\/wp-content\/uploads\/2018\/05\/000068881.jpg","jetpack_shortlink":"https:\/\/wp.me\/p6RhLt-8NQ","jetpack_sharing_enabled":true,"_links":{"self":[{"href":"https:\/\/eldiariodesanpedro.com.ar\/sitio\/wp-json\/wp\/v2\/posts\/33842","targetHints":{"allow":["GET"]}}],"collection":[{"href":"https:\/\/eldiariodesanpedro.com.ar\/sitio\/wp-json\/wp\/v2\/posts"}],"about":[{"href":"https:\/\/eldiariodesanpedro.com.ar\/sitio\/wp-json\/wp\/v2\/types\/post"}],"author":[{"embeddable":true,"href":"https:\/\/eldiariodesanpedro.com.ar\/sitio\/wp-json\/wp\/v2\/users\/4"}],"replies":[{"embeddable":true,"href":"https:\/\/eldiariodesanpedro.com.ar\/sitio\/wp-json\/wp\/v2\/comments?post=33842"}],"version-history":[{"count":1,"href":"https:\/\/eldiariodesanpedro.com.ar\/sitio\/wp-json\/wp\/v2\/posts\/33842\/revisions"}],"predecessor-version":[{"id":33844,"href":"https:\/\/eldiariodesanpedro.com.ar\/sitio\/wp-json\/wp\/v2\/posts\/33842\/revisions\/33844"}],"wp:featuredmedia":[{"embeddable":true,"href":"https:\/\/eldiariodesanpedro.com.ar\/sitio\/wp-json\/wp\/v2\/media\/33843"}],"wp:attachment":[{"href":"https:\/\/eldiariodesanpedro.com.ar\/sitio\/wp-json\/wp\/v2\/media?parent=33842"}],"wp:term":[{"taxonomy":"category","embeddable":true,"href":"https:\/\/eldiariodesanpedro.com.ar\/sitio\/wp-json\/wp\/v2\/categories?post=33842"},{"taxonomy":"post_tag","embeddable":true,"href":"https:\/\/eldiariodesanpedro.com.ar\/sitio\/wp-json\/wp\/v2\/tags?post=33842"}],"curies":[{"name":"wp","href":"https:\/\/api.w.org\/{rel}","templated":true}]}}