{"id":33840,"date":"2018-05-29T09:52:43","date_gmt":"2018-05-29T12:52:43","guid":{"rendered":"https:\/\/eldiariodesanpedro.com.ar\/sitio\/?p=33840"},"modified":"2018-05-29T09:52:43","modified_gmt":"2018-05-29T12:52:43","slug":"una-mujer-amenazada-y-golpeada","status":"publish","type":"post","link":"https:\/\/eldiariodesanpedro.com.ar\/sitio\/una-mujer-amenazada-y-golpeada\/","title":{"rendered":"Una mujer amenazada y golpeada"},"content":{"rendered":"<p><!-- VideographyWP Plugin Message: Automatic video embedding prevented by plugin options. --><br \/>\nEste lunes se recibieron en la comisaria de nuestra ciudad numerosas denuncias por amenazas realizadas durante conflictos vecinales.<\/p>\n<p>En una de ella un a mujer de 21 a\u00f1os denunci\u00f3, que siendo 12:40 hs aproximadamente, en circunstancias encontr\u00e1ndose en Av 3 de Febrero al 2200 donde  se hace presente otra femenina mayor de edad, quien esta comienza a realizar insultos y amenazas a viva vos para luego propinarle un golpe de pu\u00f1o en su rostro, e inmediatamente la agresora emprenden su fuga perdi\u00e9ndola de vista.<\/p>\n","protected":false},"excerpt":{"rendered":"<p>Este lunes se recibieron en la comisaria de nuestra ciudad numerosas denuncias por amenazas realizadas durante conflictos vecinales. En una de ella un a mujer de 21 a\u00f1os denunci\u00f3, que siendo 12:40 hs aproximadamente, en circunstancias encontr\u00e1ndose en Av 3 de Febrero al 2200 donde se hace presente otra femenina mayor de edad, quien esta [&hellip;]<\/p>\n","protected":false},"author":4,"featured_media":16989,"comment_status":"open","ping_status":"closed","sticky":false,"template":"","format":"standard","meta":{"om_disable_all_campaigns":false,"_jetpack_memberships_contains_paid_content":false,"footnotes":""},"categories":[2,103],"tags":[],"class_list":["post-33840","post","type-post","status-publish","format-standard","has-post-thumbnail","hentry","category-locales","category-policiales-locales"],"aioseo_notices":[],"gutentor_comment":0,"jetpack_featured_media_url":"https:\/\/eldiariodesanpedro.com.ar\/sitio\/wp-content\/uploads\/2017\/04\/DSC_0221-e1492514769862.jpg","jetpack_shortlink":"https:\/\/wp.me\/p6RhLt-8NO","jetpack_sharing_enabled":true,"_links":{"self":[{"href":"https:\/\/eldiariodesanpedro.com.ar\/sitio\/wp-json\/wp\/v2\/posts\/33840","targetHints":{"allow":["GET"]}}],"collection":[{"href":"https:\/\/eldiariodesanpedro.com.ar\/sitio\/wp-json\/wp\/v2\/posts"}],"about":[{"href":"https:\/\/eldiariodesanpedro.com.ar\/sitio\/wp-json\/wp\/v2\/types\/post"}],"author":[{"embeddable":true,"href":"https:\/\/eldiariodesanpedro.com.ar\/sitio\/wp-json\/wp\/v2\/users\/4"}],"replies":[{"embeddable":true,"href":"https:\/\/eldiariodesanpedro.com.ar\/sitio\/wp-json\/wp\/v2\/comments?post=33840"}],"version-history":[{"count":1,"href":"https:\/\/eldiariodesanpedro.com.ar\/sitio\/wp-json\/wp\/v2\/posts\/33840\/revisions"}],"predecessor-version":[{"id":33841,"href":"https:\/\/eldiariodesanpedro.com.ar\/sitio\/wp-json\/wp\/v2\/posts\/33840\/revisions\/33841"}],"wp:featuredmedia":[{"embeddable":true,"href":"https:\/\/eldiariodesanpedro.com.ar\/sitio\/wp-json\/wp\/v2\/media\/16989"}],"wp:attachment":[{"href":"https:\/\/eldiariodesanpedro.com.ar\/sitio\/wp-json\/wp\/v2\/media?parent=33840"}],"wp:term":[{"taxonomy":"category","embeddable":true,"href":"https:\/\/eldiariodesanpedro.com.ar\/sitio\/wp-json\/wp\/v2\/categories?post=33840"},{"taxonomy":"post_tag","embeddable":true,"href":"https:\/\/eldiariodesanpedro.com.ar\/sitio\/wp-json\/wp\/v2\/tags?post=33840"}],"curies":[{"name":"wp","href":"https:\/\/api.w.org\/{rel}","templated":true}]}}