{"id":33837,"date":"2018-05-29T09:42:28","date_gmt":"2018-05-29T12:42:28","guid":{"rendered":"https:\/\/eldiariodesanpedro.com.ar\/sitio\/?p=33837"},"modified":"2018-05-29T09:42:28","modified_gmt":"2018-05-29T12:42:28","slug":"adhesion-a-la-marcha-ni-una-menos","status":"publish","type":"post","link":"https:\/\/eldiariodesanpedro.com.ar\/sitio\/adhesion-a-la-marcha-ni-una-menos\/","title":{"rendered":"Adhesi\u00f3n a la Marcha \u00abNi Una Menos\u00bb"},"content":{"rendered":"<p><!-- VideographyWP Plugin Message: Automatic video embedding prevented by plugin options. --><br \/>\nEl Centro de Comercio, Industria y Turismo de San Pedro adhiere a la convocatoria local para la marcha del pr\u00f3ximo 4 de Junio a las 18.30 dentro de la campa\u00f1a Ni Una Menos con la que se mantiene la visibilidad de esta problem\u00e1tica intentando generar mayor conciencia en toda la comunidad. En esta oportunidad, nuestra entidad, invita a los comerciantes a autorizar a sus empleadas a retirarse para poder participar. La concentraci\u00f3n ser\u00e1 en Mitre y Obligado, sobre la Peatonal del Centenario.<\/p>\n","protected":false},"excerpt":{"rendered":"<p>El Centro de Comercio, Industria y Turismo de San Pedro adhiere a la convocatoria local para la marcha del pr\u00f3ximo 4 de Junio a las 18.30 dentro de la campa\u00f1a Ni Una Menos con la que se mantiene la visibilidad de esta problem\u00e1tica intentando generar mayor conciencia en toda la comunidad. En esta oportunidad, nuestra [&hellip;]<\/p>\n","protected":false},"author":4,"featured_media":33838,"comment_status":"open","ping_status":"closed","sticky":false,"template":"","format":"standard","meta":{"om_disable_all_campaigns":false,"_jetpack_memberships_contains_paid_content":false,"footnotes":""},"categories":[101,2],"tags":[],"class_list":["post-33837","post","type-post","status-publish","format-standard","has-post-thumbnail","hentry","category-interes-general-locales","category-locales"],"aioseo_notices":[],"gutentor_comment":0,"jetpack_featured_media_url":"https:\/\/eldiariodesanpedro.com.ar\/sitio\/wp-content\/uploads\/2018\/05\/58333f62a2953.r_1479756713873.0-120-700-471.jpeg","jetpack_shortlink":"https:\/\/wp.me\/p6RhLt-8NL","jetpack_sharing_enabled":true,"_links":{"self":[{"href":"https:\/\/eldiariodesanpedro.com.ar\/sitio\/wp-json\/wp\/v2\/posts\/33837","targetHints":{"allow":["GET"]}}],"collection":[{"href":"https:\/\/eldiariodesanpedro.com.ar\/sitio\/wp-json\/wp\/v2\/posts"}],"about":[{"href":"https:\/\/eldiariodesanpedro.com.ar\/sitio\/wp-json\/wp\/v2\/types\/post"}],"author":[{"embeddable":true,"href":"https:\/\/eldiariodesanpedro.com.ar\/sitio\/wp-json\/wp\/v2\/users\/4"}],"replies":[{"embeddable":true,"href":"https:\/\/eldiariodesanpedro.com.ar\/sitio\/wp-json\/wp\/v2\/comments?post=33837"}],"version-history":[{"count":1,"href":"https:\/\/eldiariodesanpedro.com.ar\/sitio\/wp-json\/wp\/v2\/posts\/33837\/revisions"}],"predecessor-version":[{"id":33839,"href":"https:\/\/eldiariodesanpedro.com.ar\/sitio\/wp-json\/wp\/v2\/posts\/33837\/revisions\/33839"}],"wp:featuredmedia":[{"embeddable":true,"href":"https:\/\/eldiariodesanpedro.com.ar\/sitio\/wp-json\/wp\/v2\/media\/33838"}],"wp:attachment":[{"href":"https:\/\/eldiariodesanpedro.com.ar\/sitio\/wp-json\/wp\/v2\/media?parent=33837"}],"wp:term":[{"taxonomy":"category","embeddable":true,"href":"https:\/\/eldiariodesanpedro.com.ar\/sitio\/wp-json\/wp\/v2\/categories?post=33837"},{"taxonomy":"post_tag","embeddable":true,"href":"https:\/\/eldiariodesanpedro.com.ar\/sitio\/wp-json\/wp\/v2\/tags?post=33837"}],"curies":[{"name":"wp","href":"https:\/\/api.w.org\/{rel}","templated":true}]}}