{"id":33826,"date":"2018-05-28T20:29:09","date_gmt":"2018-05-28T23:29:09","guid":{"rendered":"https:\/\/eldiariodesanpedro.com.ar\/sitio\/?p=33826"},"modified":"2018-05-28T20:29:09","modified_gmt":"2018-05-28T23:29:09","slug":"san-nicolas-ratifican-la-continuidad-de-inversiones-en-el-puerto","status":"publish","type":"post","link":"https:\/\/eldiariodesanpedro.com.ar\/sitio\/san-nicolas-ratifican-la-continuidad-de-inversiones-en-el-puerto\/","title":{"rendered":"SAN NICOL\u00c1S: Ratifican la continuidad de inversiones en el puerto"},"content":{"rendered":"<p><!-- VideographyWP Plugin Message: Automatic video embedding prevented by plugin options. --><br \/>\nEl administrador de la terminal portuaria local Ignacio Mateucci, se reuni\u00f3 esta semana con la flamante autoridad de puertos bonaerenses, Rodrigo Silvosa. El encuentro sirvi\u00f3 para despejar la incertidumbre que despierta todo cambio a nivel pol\u00edtico. \u201cTenemos la tranquilidad de que todo sigue su curso\u201d, expres\u00f3 Mateucci.<\/p>\n<p>  El Delegado Administrador del puerto de San Nicol\u00e1s, Ignacio Mateucci, tuvo su primera reuni\u00f3n oficial con la m\u00e1xima autoridad portuaria de la provincia de Buenos Aires, Rodrigo Silvosa, quien hab\u00eda asumido su nueva funci\u00f3n 24 horas antes.<\/p>\n<p>  Tal como adelantara este medio, Mateucci acudi\u00f3 con agenda propia a la cita con el flamante subsecretario de Puertos, Industria, Comercio y Miner\u00eda de Buenos Aires. \u201cVoy a charlar sobre el curso de los procesos licitatorios para la renovaci\u00f3n de gr\u00faas y el elevador de granos\u201d, le anticipaba Mateucci a EL NORTE. <\/p>\n<p>  Tras la reuni\u00f3n, el administrador del puerto local se mostr\u00f3 confiado en que ambos procesos de inversi\u00f3n avancen en los pr\u00f3ximos meses. \u201cNos reunimos para definir las pol\u00edticas a ejecutar el a\u00f1o pr\u00f3ximo. Pero tambi\u00e9n hablamos de la continuidad de los procesos [de inversi\u00f3n] que est\u00e1n en curso, fundamentalmente el inter\u00e9s pasa por avanzar con la adquisici\u00f3n de las nuevas gr\u00faas\u201d, afirm\u00f3. Vale agregar que la Provincia licit\u00f3 y financia la compra de dos gr\u00faas para el puerto de San Nicol\u00e1s, capaces de manipular 34 toneladas.  <\/p>\n<p>  Las estructuras fueron adjudicadas a firma Cargotec, una empresa de capitales chinos con sede en nuestro pa\u00eds. El inter\u00e9s de la autoridad del puerto local se enfoca en evitar que se congelen los procesos administrativos en curso luego de los cambios producidos en el \u00e1rea. Vale recordar que las gr\u00faas fueron licitadas bajo la administraci\u00f3n del entonces titular de Asuntos Portuarios, Marcelo Lobbosco. Hoy, con nuevo nombre para esa misma funci\u00f3n, Mateucci busca asegurar la continuidad de los procesos de inversi\u00f3n.<\/p>\n<p>Fuente: Diario El Norte<\/p>\n","protected":false},"excerpt":{"rendered":"<p>El administrador de la terminal portuaria local Ignacio Mateucci, se reuni\u00f3 esta semana con la flamante autoridad de puertos bonaerenses, Rodrigo Silvosa. El encuentro sirvi\u00f3 para despejar la incertidumbre que despierta todo cambio a nivel pol\u00edtico. \u201cTenemos la tranquilidad de que todo sigue su curso\u201d, expres\u00f3 Mateucci. El Delegado Administrador del puerto de San Nicol\u00e1s, [&hellip;]<\/p>\n","protected":false},"author":4,"featured_media":33828,"comment_status":"open","ping_status":"closed","sticky":false,"template":"","format":"standard","meta":{"om_disable_all_campaigns":false,"_jetpack_memberships_contains_paid_content":false,"footnotes":""},"categories":[621],"tags":[],"class_list":["post-33826","post","type-post","status-publish","format-standard","has-post-thumbnail","hentry","category-regionales"],"aioseo_notices":[],"gutentor_comment":0,"jetpack_featured_media_url":"https:\/\/eldiariodesanpedro.com.ar\/sitio\/wp-content\/uploads\/2018\/05\/El-puerto-de-San-Nicol\u00e1s.jpg","jetpack_shortlink":"https:\/\/wp.me\/p6RhLt-8NA","jetpack_sharing_enabled":true,"_links":{"self":[{"href":"https:\/\/eldiariodesanpedro.com.ar\/sitio\/wp-json\/wp\/v2\/posts\/33826","targetHints":{"allow":["GET"]}}],"collection":[{"href":"https:\/\/eldiariodesanpedro.com.ar\/sitio\/wp-json\/wp\/v2\/posts"}],"about":[{"href":"https:\/\/eldiariodesanpedro.com.ar\/sitio\/wp-json\/wp\/v2\/types\/post"}],"author":[{"embeddable":true,"href":"https:\/\/eldiariodesanpedro.com.ar\/sitio\/wp-json\/wp\/v2\/users\/4"}],"replies":[{"embeddable":true,"href":"https:\/\/eldiariodesanpedro.com.ar\/sitio\/wp-json\/wp\/v2\/comments?post=33826"}],"version-history":[{"count":1,"href":"https:\/\/eldiariodesanpedro.com.ar\/sitio\/wp-json\/wp\/v2\/posts\/33826\/revisions"}],"predecessor-version":[{"id":33830,"href":"https:\/\/eldiariodesanpedro.com.ar\/sitio\/wp-json\/wp\/v2\/posts\/33826\/revisions\/33830"}],"wp:featuredmedia":[{"embeddable":true,"href":"https:\/\/eldiariodesanpedro.com.ar\/sitio\/wp-json\/wp\/v2\/media\/33828"}],"wp:attachment":[{"href":"https:\/\/eldiariodesanpedro.com.ar\/sitio\/wp-json\/wp\/v2\/media?parent=33826"}],"wp:term":[{"taxonomy":"category","embeddable":true,"href":"https:\/\/eldiariodesanpedro.com.ar\/sitio\/wp-json\/wp\/v2\/categories?post=33826"},{"taxonomy":"post_tag","embeddable":true,"href":"https:\/\/eldiariodesanpedro.com.ar\/sitio\/wp-json\/wp\/v2\/tags?post=33826"}],"curies":[{"name":"wp","href":"https:\/\/api.w.org\/{rel}","templated":true}]}}