{"id":33823,"date":"2018-05-28T20:28:12","date_gmt":"2018-05-28T23:28:12","guid":{"rendered":"https:\/\/eldiariodesanpedro.com.ar\/sitio\/?p=33823"},"modified":"2018-05-28T20:28:12","modified_gmt":"2018-05-28T23:28:12","slug":"ramallo-el-hospital-gomendio-tendra-una-oficina-del-registro-de-las-personas","status":"publish","type":"post","link":"https:\/\/eldiariodesanpedro.com.ar\/sitio\/ramallo-el-hospital-gomendio-tendra-una-oficina-del-registro-de-las-personas\/","title":{"rendered":"RAMALLO: El Hospital Gomendio tendr\u00e1 una oficina del Registro de las Personas"},"content":{"rendered":"<p><!-- VideographyWP Plugin Message: Automatic video embedding prevented by plugin options. --><br \/>\n  Luego de gestiones realizadas por el intendente Mauro Poletti, este mi\u00e9rcoles 23 de mayo se realiz\u00f3 la apertura de la oficina de Registro Provincial de las Personas para inscripci\u00f3n de nacimientos que se produzcan en el Hospital Jos\u00e9 Mar\u00eda Gomendio.<\/p>\n<p>  En esta primera instancia, la funci\u00f3n de la oficina ser\u00e1 inscribir a los nacidos en el nosocomio municipal, otorgando el Certificado y Acta de Nacimiento. El horario de atenci\u00f3n es de lunes a viernes de 9:00 a 12:00 hs.<br \/>\n  Est\u00e1 delegaci\u00f3n estar\u00e1 funcionando en el Centro de Atenci\u00f3n Integral Infantil Sagrada Familia, ubicado en el mismo Hospital.<\/p>\n<p>Fuente: Ramallo Ciudad<\/p>\n","protected":false},"excerpt":{"rendered":"<p>Luego de gestiones realizadas por el intendente Mauro Poletti, este mi\u00e9rcoles 23 de mayo se realiz\u00f3 la apertura de la oficina de Registro Provincial de las Personas para inscripci\u00f3n de nacimientos que se produzcan en el Hospital Jos\u00e9 Mar\u00eda Gomendio. En esta primera instancia, la funci\u00f3n de la oficina ser\u00e1 inscribir a los nacidos en [&hellip;]<\/p>\n","protected":false},"author":4,"featured_media":33825,"comment_status":"open","ping_status":"closed","sticky":false,"template":"","format":"standard","meta":{"om_disable_all_campaigns":false,"_jetpack_memberships_contains_paid_content":false,"footnotes":""},"categories":[621],"tags":[],"class_list":["post-33823","post","type-post","status-publish","format-standard","has-post-thumbnail","hentry","category-regionales"],"aioseo_notices":[],"gutentor_comment":0,"jetpack_featured_media_url":"https:\/\/eldiariodesanpedro.com.ar\/sitio\/wp-content\/uploads\/2018\/05\/hospital-gomendio-ramallo.jpeg","jetpack_shortlink":"https:\/\/wp.me\/p6RhLt-8Nx","jetpack_sharing_enabled":true,"_links":{"self":[{"href":"https:\/\/eldiariodesanpedro.com.ar\/sitio\/wp-json\/wp\/v2\/posts\/33823","targetHints":{"allow":["GET"]}}],"collection":[{"href":"https:\/\/eldiariodesanpedro.com.ar\/sitio\/wp-json\/wp\/v2\/posts"}],"about":[{"href":"https:\/\/eldiariodesanpedro.com.ar\/sitio\/wp-json\/wp\/v2\/types\/post"}],"author":[{"embeddable":true,"href":"https:\/\/eldiariodesanpedro.com.ar\/sitio\/wp-json\/wp\/v2\/users\/4"}],"replies":[{"embeddable":true,"href":"https:\/\/eldiariodesanpedro.com.ar\/sitio\/wp-json\/wp\/v2\/comments?post=33823"}],"version-history":[{"count":1,"href":"https:\/\/eldiariodesanpedro.com.ar\/sitio\/wp-json\/wp\/v2\/posts\/33823\/revisions"}],"predecessor-version":[{"id":33827,"href":"https:\/\/eldiariodesanpedro.com.ar\/sitio\/wp-json\/wp\/v2\/posts\/33823\/revisions\/33827"}],"wp:featuredmedia":[{"embeddable":true,"href":"https:\/\/eldiariodesanpedro.com.ar\/sitio\/wp-json\/wp\/v2\/media\/33825"}],"wp:attachment":[{"href":"https:\/\/eldiariodesanpedro.com.ar\/sitio\/wp-json\/wp\/v2\/media?parent=33823"}],"wp:term":[{"taxonomy":"category","embeddable":true,"href":"https:\/\/eldiariodesanpedro.com.ar\/sitio\/wp-json\/wp\/v2\/categories?post=33823"},{"taxonomy":"post_tag","embeddable":true,"href":"https:\/\/eldiariodesanpedro.com.ar\/sitio\/wp-json\/wp\/v2\/tags?post=33823"}],"curies":[{"name":"wp","href":"https:\/\/api.w.org\/{rel}","templated":true}]}}