{"id":33821,"date":"2018-05-28T20:26:42","date_gmt":"2018-05-28T23:26:42","guid":{"rendered":"https:\/\/eldiariodesanpedro.com.ar\/sitio\/?p=33821"},"modified":"2018-05-28T20:26:42","modified_gmt":"2018-05-28T23:26:42","slug":"ramallo-piden-ayuda-para-familia-que-vive-en-condiciones-precarias","status":"publish","type":"post","link":"https:\/\/eldiariodesanpedro.com.ar\/sitio\/ramallo-piden-ayuda-para-familia-que-vive-en-condiciones-precarias\/","title":{"rendered":"RAMALLO: Piden ayuda para familia que vive en condiciones precarias"},"content":{"rendered":"<p><!-- VideographyWP Plugin Message: Automatic video embedding prevented by plugin options. --><br \/>\nPablo Lescano es un vecino de Villa Ramallo que se sensibiliz\u00f3 al ver lo mal que la est\u00e1n pasando un matrimonio con tres chicos (uno reci\u00e9n nacido) que viven cerca de su casa y, decidi\u00f3 no quedarse quieto y poner en marcha una campa\u00f1a para recolectar material o recursos econ\u00f3micos para construirles una vivienda m\u00e1s digna. Para colaborar, comunicarse a los siguientes tel\u00e9fonos: 3407-435125 o 413610.<\/p>\n<p>  Pablo Lescano es un vecino de Villa Ramallo que est\u00e1 llevando adelante una movida solidaria digna de copiar. Vive en Espa\u00f1a y Frondizi, detr\u00e1s del barrio Q47, en Villa Ramallo. Cerca de su casa, en una construcci\u00f3n muy precaria, un matrimonio con tres chicos vive en condiciones inhumanas. En el \u00faltimo temporal de lluvias, casi no pod\u00edan moverse de la cama por el barro que se hab\u00eda formado en el piso. Se mojaron y pasaron mucho frio. Tienen un reci\u00e9n nacido y otro chico en edad escolar que, \u00faltimamente, no est\u00e1 yendo a la escuela porque la mam\u00e1 es la encargada de acompa\u00f1arlo caminando hasta la Escuela N\u00b07.<\/p>\n<p>  Lescano est\u00e1 solicitando la ayuda de los vecinos del partido de Ramallo para poder construirle una vivienda m\u00e1s digna. Se puede colaborar con materiales que est\u00e9n en desuso o dinero.<\/p>\n<p>Fuente: Meta FM<\/p>\n","protected":false},"excerpt":{"rendered":"<p>Pablo Lescano es un vecino de Villa Ramallo que se sensibiliz\u00f3 al ver lo mal que la est\u00e1n pasando un matrimonio con tres chicos (uno reci\u00e9n nacido) que viven cerca de su casa y, decidi\u00f3 no quedarse quieto y poner en marcha una campa\u00f1a para recolectar material o recursos econ\u00f3micos para construirles una vivienda m\u00e1s [&hellip;]<\/p>\n","protected":false},"author":4,"featured_media":33822,"comment_status":"open","ping_status":"closed","sticky":false,"template":"","format":"standard","meta":{"om_disable_all_campaigns":false,"_jetpack_memberships_contains_paid_content":false,"footnotes":""},"categories":[621],"tags":[],"class_list":["post-33821","post","type-post","status-publish","format-standard","has-post-thumbnail","hentry","category-regionales"],"aioseo_notices":[],"gutentor_comment":0,"jetpack_featured_media_url":"https:\/\/eldiariodesanpedro.com.ar\/sitio\/wp-content\/uploads\/2018\/05\/ramallo-Piden-ayuda-para-familia-que-vive-en-condiciones-precarias.jpg","jetpack_shortlink":"https:\/\/wp.me\/p6RhLt-8Nv","jetpack_sharing_enabled":true,"_links":{"self":[{"href":"https:\/\/eldiariodesanpedro.com.ar\/sitio\/wp-json\/wp\/v2\/posts\/33821","targetHints":{"allow":["GET"]}}],"collection":[{"href":"https:\/\/eldiariodesanpedro.com.ar\/sitio\/wp-json\/wp\/v2\/posts"}],"about":[{"href":"https:\/\/eldiariodesanpedro.com.ar\/sitio\/wp-json\/wp\/v2\/types\/post"}],"author":[{"embeddable":true,"href":"https:\/\/eldiariodesanpedro.com.ar\/sitio\/wp-json\/wp\/v2\/users\/4"}],"replies":[{"embeddable":true,"href":"https:\/\/eldiariodesanpedro.com.ar\/sitio\/wp-json\/wp\/v2\/comments?post=33821"}],"version-history":[{"count":1,"href":"https:\/\/eldiariodesanpedro.com.ar\/sitio\/wp-json\/wp\/v2\/posts\/33821\/revisions"}],"predecessor-version":[{"id":33824,"href":"https:\/\/eldiariodesanpedro.com.ar\/sitio\/wp-json\/wp\/v2\/posts\/33821\/revisions\/33824"}],"wp:featuredmedia":[{"embeddable":true,"href":"https:\/\/eldiariodesanpedro.com.ar\/sitio\/wp-json\/wp\/v2\/media\/33822"}],"wp:attachment":[{"href":"https:\/\/eldiariodesanpedro.com.ar\/sitio\/wp-json\/wp\/v2\/media?parent=33821"}],"wp:term":[{"taxonomy":"category","embeddable":true,"href":"https:\/\/eldiariodesanpedro.com.ar\/sitio\/wp-json\/wp\/v2\/categories?post=33821"},{"taxonomy":"post_tag","embeddable":true,"href":"https:\/\/eldiariodesanpedro.com.ar\/sitio\/wp-json\/wp\/v2\/tags?post=33821"}],"curies":[{"name":"wp","href":"https:\/\/api.w.org\/{rel}","templated":true}]}}