{"id":33817,"date":"2018-05-28T20:23:45","date_gmt":"2018-05-28T23:23:45","guid":{"rendered":"https:\/\/eldiariodesanpedro.com.ar\/sitio\/?p=33817"},"modified":"2018-05-28T20:23:45","modified_gmt":"2018-05-28T23:23:45","slug":"campana-pelearon-durante-todo-el-dia-y-terminaron-apunalados-y-en-grave-estado","status":"publish","type":"post","link":"https:\/\/eldiariodesanpedro.com.ar\/sitio\/campana-pelearon-durante-todo-el-dia-y-terminaron-apunalados-y-en-grave-estado\/","title":{"rendered":"CAMPANA: Pelearon durante todo el d\u00eda, y terminaron apu\u00f1alados y en grave estado"},"content":{"rendered":"<p><!-- VideographyWP Plugin Message: Automatic video embedding prevented by plugin options. --><br \/>\nDos vecinos protagonizaron durante varias horas una gresca en el barrio Las Praderas. Finalmente, resultaron heridos de arma blanca y debieron ser hospitalizados. Fueron trasladados en m\u00f3viles policiales al Hospital.<\/p>\n<p>  Una pelea dej\u00f3 el saldo de dos personas acuchilladas, en el barrio Las Praderas.<\/p>\n<p>  El hecho ocurri\u00f3 sobre las calles Carreto y Dellepiane. Seg\u00fan vecinos, el conflicto surgi\u00f3 en horas de la ma\u00f1ana con peleas y discusiones y, alrededor de las 17 hs. se desencaden\u00f3 con m\u00e1s violencia, dos sujetos fueron apu\u00f1alados.<\/p>\n<p>  Los heridos fueron identificados como Oscar Grandoli y Ceferino Mart\u00ednez. Ambos fueron trasladados al Hospital en m\u00f3viles policiales, ingresando al nosocomio con graves heridas, y en estado reservado.<\/p>\n<p>  Un total de cinco m\u00f3viles del Comando Patrulla actuaron en el hecho, coordinados por el Teniente Primero Cevasco. <\/p>\n<p>Fuente: Campana Noticias<\/p>\n","protected":false},"excerpt":{"rendered":"<p>Dos vecinos protagonizaron durante varias horas una gresca en el barrio Las Praderas. Finalmente, resultaron heridos de arma blanca y debieron ser hospitalizados. Fueron trasladados en m\u00f3viles policiales al Hospital. Una pelea dej\u00f3 el saldo de dos personas acuchilladas, en el barrio Las Praderas. El hecho ocurri\u00f3 sobre las calles Carreto y Dellepiane. Seg\u00fan vecinos, [&hellip;]<\/p>\n","protected":false},"author":4,"featured_media":33819,"comment_status":"open","ping_status":"closed","sticky":false,"template":"","format":"standard","meta":{"om_disable_all_campaigns":false,"_jetpack_memberships_contains_paid_content":false,"footnotes":""},"categories":[621],"tags":[],"class_list":["post-33817","post","type-post","status-publish","format-standard","has-post-thumbnail","hentry","category-regionales"],"aioseo_notices":[],"gutentor_comment":0,"jetpack_featured_media_url":"https:\/\/eldiariodesanpedro.com.ar\/sitio\/wp-content\/uploads\/2018\/05\/Los-heridos-ingresaron-al-Hospital-con-heridas-de-gravedad.jpg","jetpack_shortlink":"https:\/\/wp.me\/p6RhLt-8Nr","jetpack_sharing_enabled":true,"_links":{"self":[{"href":"https:\/\/eldiariodesanpedro.com.ar\/sitio\/wp-json\/wp\/v2\/posts\/33817","targetHints":{"allow":["GET"]}}],"collection":[{"href":"https:\/\/eldiariodesanpedro.com.ar\/sitio\/wp-json\/wp\/v2\/posts"}],"about":[{"href":"https:\/\/eldiariodesanpedro.com.ar\/sitio\/wp-json\/wp\/v2\/types\/post"}],"author":[{"embeddable":true,"href":"https:\/\/eldiariodesanpedro.com.ar\/sitio\/wp-json\/wp\/v2\/users\/4"}],"replies":[{"embeddable":true,"href":"https:\/\/eldiariodesanpedro.com.ar\/sitio\/wp-json\/wp\/v2\/comments?post=33817"}],"version-history":[{"count":1,"href":"https:\/\/eldiariodesanpedro.com.ar\/sitio\/wp-json\/wp\/v2\/posts\/33817\/revisions"}],"predecessor-version":[{"id":33820,"href":"https:\/\/eldiariodesanpedro.com.ar\/sitio\/wp-json\/wp\/v2\/posts\/33817\/revisions\/33820"}],"wp:featuredmedia":[{"embeddable":true,"href":"https:\/\/eldiariodesanpedro.com.ar\/sitio\/wp-json\/wp\/v2\/media\/33819"}],"wp:attachment":[{"href":"https:\/\/eldiariodesanpedro.com.ar\/sitio\/wp-json\/wp\/v2\/media?parent=33817"}],"wp:term":[{"taxonomy":"category","embeddable":true,"href":"https:\/\/eldiariodesanpedro.com.ar\/sitio\/wp-json\/wp\/v2\/categories?post=33817"},{"taxonomy":"post_tag","embeddable":true,"href":"https:\/\/eldiariodesanpedro.com.ar\/sitio\/wp-json\/wp\/v2\/tags?post=33817"}],"curies":[{"name":"wp","href":"https:\/\/api.w.org\/{rel}","templated":true}]}}