{"id":33814,"date":"2018-05-28T20:22:27","date_gmt":"2018-05-28T23:22:27","guid":{"rendered":"https:\/\/eldiariodesanpedro.com.ar\/sitio\/?p=33814"},"modified":"2018-05-28T20:22:27","modified_gmt":"2018-05-28T23:22:27","slug":"baradero-buscan-un-mono-suelto-en-la-via-publica","status":"publish","type":"post","link":"https:\/\/eldiariodesanpedro.com.ar\/sitio\/baradero-buscan-un-mono-suelto-en-la-via-publica\/","title":{"rendered":"BARADERO: Buscan un mono suelto en la v\u00eda p\u00fablica"},"content":{"rendered":"<p><!-- VideographyWP Plugin Message: Automatic video embedding prevented by plugin options. --><br \/>\nEste fin de semana, vecinos de nuestra ciudad escuchaban a sus perros ladrar, sin saber que el motivo de tanto alboroto era un mono suelto.<\/p>\n<p>  Por su parte, el Sub Comisario Facundo Fiorabanti cont\u00f3 que se enteraron de la extra\u00f1a situaci\u00f3n por un llamado telef\u00f3nico. \u201cEn un primer momento nos llamaba la atenci\u00f3n\u201d admiti\u00f3 Fiorabanti, pero, de todos modos, concurrieron al aviso.<\/p>\n<p>  \u201cFuimos al lugar, pero no pudimos determinar de qui\u00e9n puede ser, tiene que ser de alg\u00fan vecino de la zona\u201d manifest\u00f3 el Sub Comisario quien, adem\u00e1s, subray\u00f3 \u201cestamos tratando de ubicar a alguien para que proteja la vida silvestre para darle intervenci\u00f3n\u201d. <\/p>\n<p>  Los efectivos policiales no pudieron atrapar al mono. El animal fue visto por varios vecinos colg\u00e1ndose de los cables en la v\u00eda p\u00fablica. Incluso defec\u00f3 en alguno de los patios de la zona de O\u00b4Roarke al 1900.<\/p>\n<p>Fuente: Tu L\u00ednea Directa<\/p>\n","protected":false},"excerpt":{"rendered":"<p>Este fin de semana, vecinos de nuestra ciudad escuchaban a sus perros ladrar, sin saber que el motivo de tanto alboroto era un mono suelto. Por su parte, el Sub Comisario Facundo Fiorabanti cont\u00f3 que se enteraron de la extra\u00f1a situaci\u00f3n por un llamado telef\u00f3nico. \u201cEn un primer momento nos llamaba la atenci\u00f3n\u201d admiti\u00f3 Fiorabanti, [&hellip;]<\/p>\n","protected":false},"author":4,"featured_media":33816,"comment_status":"open","ping_status":"closed","sticky":false,"template":"","format":"standard","meta":{"om_disable_all_campaigns":false,"_jetpack_memberships_contains_paid_content":false,"footnotes":""},"categories":[621],"tags":[],"class_list":["post-33814","post","type-post","status-publish","format-standard","has-post-thumbnail","hentry","category-regionales"],"aioseo_notices":[],"gutentor_comment":0,"jetpack_featured_media_url":"https:\/\/eldiariodesanpedro.com.ar\/sitio\/wp-content\/uploads\/2018\/05\/El-mono-en-los-cables.jpg","jetpack_shortlink":"https:\/\/wp.me\/p6RhLt-8No","jetpack_sharing_enabled":true,"_links":{"self":[{"href":"https:\/\/eldiariodesanpedro.com.ar\/sitio\/wp-json\/wp\/v2\/posts\/33814","targetHints":{"allow":["GET"]}}],"collection":[{"href":"https:\/\/eldiariodesanpedro.com.ar\/sitio\/wp-json\/wp\/v2\/posts"}],"about":[{"href":"https:\/\/eldiariodesanpedro.com.ar\/sitio\/wp-json\/wp\/v2\/types\/post"}],"author":[{"embeddable":true,"href":"https:\/\/eldiariodesanpedro.com.ar\/sitio\/wp-json\/wp\/v2\/users\/4"}],"replies":[{"embeddable":true,"href":"https:\/\/eldiariodesanpedro.com.ar\/sitio\/wp-json\/wp\/v2\/comments?post=33814"}],"version-history":[{"count":1,"href":"https:\/\/eldiariodesanpedro.com.ar\/sitio\/wp-json\/wp\/v2\/posts\/33814\/revisions"}],"predecessor-version":[{"id":33818,"href":"https:\/\/eldiariodesanpedro.com.ar\/sitio\/wp-json\/wp\/v2\/posts\/33814\/revisions\/33818"}],"wp:featuredmedia":[{"embeddable":true,"href":"https:\/\/eldiariodesanpedro.com.ar\/sitio\/wp-json\/wp\/v2\/media\/33816"}],"wp:attachment":[{"href":"https:\/\/eldiariodesanpedro.com.ar\/sitio\/wp-json\/wp\/v2\/media?parent=33814"}],"wp:term":[{"taxonomy":"category","embeddable":true,"href":"https:\/\/eldiariodesanpedro.com.ar\/sitio\/wp-json\/wp\/v2\/categories?post=33814"},{"taxonomy":"post_tag","embeddable":true,"href":"https:\/\/eldiariodesanpedro.com.ar\/sitio\/wp-json\/wp\/v2\/tags?post=33814"}],"curies":[{"name":"wp","href":"https:\/\/api.w.org\/{rel}","templated":true}]}}