{"id":33801,"date":"2018-05-28T18:19:40","date_gmt":"2018-05-28T21:19:40","guid":{"rendered":"https:\/\/eldiariodesanpedro.com.ar\/sitio\/?p=33801"},"modified":"2018-05-28T18:19:40","modified_gmt":"2018-05-28T21:19:40","slug":"la-experiencia-del-instituto-sarmiento-en-una-jornada-de-ninez-y-adolescencia","status":"publish","type":"post","link":"https:\/\/eldiariodesanpedro.com.ar\/sitio\/la-experiencia-del-instituto-sarmiento-en-una-jornada-de-ninez-y-adolescencia\/","title":{"rendered":"La experiencia del Instituto Sarmiento en una Jornada de Ni\u00f1ez y Adolescencia"},"content":{"rendered":"<p><!-- VideographyWP Plugin Message: Automatic video embedding prevented by plugin options. --><br \/>\nLa Secretar\u00eda de Desarrollo Humano de San Pedro estuvo presente el pasado jueves 24 de mayo en el Encuentro de Capacitaci\u00f3n e Intercambio de Hogares Convivenciales en el Servicio Zonal de San Nicol\u00e1s.<\/p>\n<p>La actividad fue organizada por el Organismo Provincial de Ni\u00f1ez y Adolescencia y concurrieron el Director del Instituto Sarmiento son su equipo que trabaja en esta instituci\u00f3n.<\/p>\n<p>Dentro de las experiencias desarrolladas se presentaron las experiencias de diferentes centros de las mismas caracter\u00edsticas y entre ellos la Casa de Abrigo Sarmiento.<\/p>\n","protected":false},"excerpt":{"rendered":"<p>La Secretar\u00eda de Desarrollo Humano de San Pedro estuvo presente el pasado jueves 24 de mayo en el Encuentro de Capacitaci\u00f3n e Intercambio de Hogares Convivenciales en el Servicio Zonal de San Nicol\u00e1s. La actividad fue organizada por el Organismo Provincial de Ni\u00f1ez y Adolescencia y concurrieron el Director del Instituto Sarmiento son su equipo [&hellip;]<\/p>\n","protected":false},"author":4,"featured_media":33802,"comment_status":"open","ping_status":"closed","sticky":false,"template":"","format":"standard","meta":{"om_disable_all_campaigns":false,"_jetpack_memberships_contains_paid_content":false,"footnotes":""},"categories":[101,2],"tags":[],"class_list":["post-33801","post","type-post","status-publish","format-standard","has-post-thumbnail","hentry","category-interes-general-locales","category-locales"],"aioseo_notices":[],"gutentor_comment":0,"jetpack_featured_media_url":"https:\/\/eldiariodesanpedro.com.ar\/sitio\/wp-content\/uploads\/2018\/05\/pastedImage-1-4.png","jetpack_shortlink":"https:\/\/wp.me\/p6RhLt-8Nb","jetpack_sharing_enabled":true,"_links":{"self":[{"href":"https:\/\/eldiariodesanpedro.com.ar\/sitio\/wp-json\/wp\/v2\/posts\/33801","targetHints":{"allow":["GET"]}}],"collection":[{"href":"https:\/\/eldiariodesanpedro.com.ar\/sitio\/wp-json\/wp\/v2\/posts"}],"about":[{"href":"https:\/\/eldiariodesanpedro.com.ar\/sitio\/wp-json\/wp\/v2\/types\/post"}],"author":[{"embeddable":true,"href":"https:\/\/eldiariodesanpedro.com.ar\/sitio\/wp-json\/wp\/v2\/users\/4"}],"replies":[{"embeddable":true,"href":"https:\/\/eldiariodesanpedro.com.ar\/sitio\/wp-json\/wp\/v2\/comments?post=33801"}],"version-history":[{"count":1,"href":"https:\/\/eldiariodesanpedro.com.ar\/sitio\/wp-json\/wp\/v2\/posts\/33801\/revisions"}],"predecessor-version":[{"id":33803,"href":"https:\/\/eldiariodesanpedro.com.ar\/sitio\/wp-json\/wp\/v2\/posts\/33801\/revisions\/33803"}],"wp:featuredmedia":[{"embeddable":true,"href":"https:\/\/eldiariodesanpedro.com.ar\/sitio\/wp-json\/wp\/v2\/media\/33802"}],"wp:attachment":[{"href":"https:\/\/eldiariodesanpedro.com.ar\/sitio\/wp-json\/wp\/v2\/media?parent=33801"}],"wp:term":[{"taxonomy":"category","embeddable":true,"href":"https:\/\/eldiariodesanpedro.com.ar\/sitio\/wp-json\/wp\/v2\/categories?post=33801"},{"taxonomy":"post_tag","embeddable":true,"href":"https:\/\/eldiariodesanpedro.com.ar\/sitio\/wp-json\/wp\/v2\/tags?post=33801"}],"curies":[{"name":"wp","href":"https:\/\/api.w.org\/{rel}","templated":true}]}}