{"id":33798,"date":"2018-05-28T18:11:52","date_gmt":"2018-05-28T21:11:52","guid":{"rendered":"https:\/\/eldiariodesanpedro.com.ar\/sitio\/?p=33798"},"modified":"2018-05-28T18:11:52","modified_gmt":"2018-05-28T21:11:52","slug":"lanzamiento-de-animate-vos-vales","status":"publish","type":"post","link":"https:\/\/eldiariodesanpedro.com.ar\/sitio\/lanzamiento-de-animate-vos-vales\/","title":{"rendered":"Lanzamiento de \u00abAnimate vos vales\u00bb"},"content":{"rendered":"<p><!-- VideographyWP Plugin Message: Automatic video embedding prevented by plugin options. --><br \/>\nEl pr\u00f3ximo martes a las 17 en el Teatro Siripo se realizar\u00e1 la charla de presentaci\u00f3n del programa municipal Animate vos Vales en su versi\u00f3n 2018, a trav\u00e9s del cual se promueven actividades deportivas y culturales para llevar iniciativas a los barrios y las localidades del interior del Partido. <\/p>\n<p>Estar\u00e1n presentes profesores y talleristas que comentar\u00e1n lo planificado para este a\u00f1o. Esta iniciativa esta destinada a ni\u00f1os, adolescentes, adultos y adultos mayores, a trav\u00e9s de las cuales se logre favorecer el cuidado integral de las familias, propiciando espacios de encuentro en los barrios y localidades del partido.<\/p>\n","protected":false},"excerpt":{"rendered":"<p>El pr\u00f3ximo martes a las 17 en el Teatro Siripo se realizar\u00e1 la charla de presentaci\u00f3n del programa municipal Animate vos Vales en su versi\u00f3n 2018, a trav\u00e9s del cual se promueven actividades deportivas y culturales para llevar iniciativas a los barrios y las localidades del interior del Partido. Estar\u00e1n presentes profesores y talleristas que [&hellip;]<\/p>\n","protected":false},"author":4,"featured_media":33799,"comment_status":"open","ping_status":"closed","sticky":false,"template":"","format":"standard","meta":{"om_disable_all_campaigns":false,"_jetpack_memberships_contains_paid_content":false,"footnotes":""},"categories":[101,2],"tags":[],"class_list":["post-33798","post","type-post","status-publish","format-standard","has-post-thumbnail","hentry","category-interes-general-locales","category-locales"],"aioseo_notices":[],"gutentor_comment":0,"jetpack_featured_media_url":"https:\/\/eldiariodesanpedro.com.ar\/sitio\/wp-content\/uploads\/2018\/05\/pastedImage-6.png","jetpack_shortlink":"https:\/\/wp.me\/p6RhLt-8N8","jetpack_sharing_enabled":true,"_links":{"self":[{"href":"https:\/\/eldiariodesanpedro.com.ar\/sitio\/wp-json\/wp\/v2\/posts\/33798","targetHints":{"allow":["GET"]}}],"collection":[{"href":"https:\/\/eldiariodesanpedro.com.ar\/sitio\/wp-json\/wp\/v2\/posts"}],"about":[{"href":"https:\/\/eldiariodesanpedro.com.ar\/sitio\/wp-json\/wp\/v2\/types\/post"}],"author":[{"embeddable":true,"href":"https:\/\/eldiariodesanpedro.com.ar\/sitio\/wp-json\/wp\/v2\/users\/4"}],"replies":[{"embeddable":true,"href":"https:\/\/eldiariodesanpedro.com.ar\/sitio\/wp-json\/wp\/v2\/comments?post=33798"}],"version-history":[{"count":1,"href":"https:\/\/eldiariodesanpedro.com.ar\/sitio\/wp-json\/wp\/v2\/posts\/33798\/revisions"}],"predecessor-version":[{"id":33800,"href":"https:\/\/eldiariodesanpedro.com.ar\/sitio\/wp-json\/wp\/v2\/posts\/33798\/revisions\/33800"}],"wp:featuredmedia":[{"embeddable":true,"href":"https:\/\/eldiariodesanpedro.com.ar\/sitio\/wp-json\/wp\/v2\/media\/33799"}],"wp:attachment":[{"href":"https:\/\/eldiariodesanpedro.com.ar\/sitio\/wp-json\/wp\/v2\/media?parent=33798"}],"wp:term":[{"taxonomy":"category","embeddable":true,"href":"https:\/\/eldiariodesanpedro.com.ar\/sitio\/wp-json\/wp\/v2\/categories?post=33798"},{"taxonomy":"post_tag","embeddable":true,"href":"https:\/\/eldiariodesanpedro.com.ar\/sitio\/wp-json\/wp\/v2\/tags?post=33798"}],"curies":[{"name":"wp","href":"https:\/\/api.w.org\/{rel}","templated":true}]}}