{"id":33795,"date":"2018-05-28T18:05:43","date_gmt":"2018-05-28T21:05:43","guid":{"rendered":"https:\/\/eldiariodesanpedro.com.ar\/sitio\/?p=33795"},"modified":"2018-05-28T18:05:43","modified_gmt":"2018-05-28T21:05:43","slug":"capacitacion-previa-a-la-implementacion-del-sistema-de-gestion-documental-electronica","status":"publish","type":"post","link":"https:\/\/eldiariodesanpedro.com.ar\/sitio\/capacitacion-previa-a-la-implementacion-del-sistema-de-gestion-documental-electronica\/","title":{"rendered":"Capacitaci\u00f3n previa a la implementaci\u00f3n del Sistema de Gesti\u00f3n Documental Electr\u00f3nica"},"content":{"rendered":"<p><!-- VideographyWP Plugin Message: Automatic video embedding prevented by plugin options. --><br \/>\nLa Municipalidad de San Pedro informa que del martes 29 al jueves 31 de mayo se brindar\u00e1n capacitaciones al personal municipal para la implementaci\u00f3n del Sistema GDE (Gesti\u00f3n Documental Electr\u00f3nica). La Direcci\u00f3n de Modernizaci\u00f3n est\u00e1 llevando adelante junto al equipo del Ministerio de Modernizaci\u00f3n, el proyecto de implementaci\u00f3n de esta valiosa herramienta para toda la administraci\u00f3n p\u00fablica.<\/p>\n<p>GDE es un ecosistema integrado de caratulaci\u00f3n, numeraci\u00f3n, seguimiento y registraci\u00f3n de movimientos de todas las actuaciones y expedientes, y es utilizado en el sector p\u00fablico Nacional, Provincial y en Municipios pioneros dentro de los que est\u00e1 San Pedro. Est\u00e1 integrado por los m\u00f3dulos: Escritorio \u00danico (EU): permite navegar por todos los m\u00f3dulos que integran el sistema. Comunicaciones Oficiales (CCOO): permite la generaci\u00f3n, registro y archivo de documentos comunicables. Generador Electr\u00f3nico de Documentos Oficiales (GEDO): permite generar, registrar y archivar todos los documentos oficiales electr\u00f3nicos. Expediente Electr\u00f3nico (EE): permite la caratulaci\u00f3n, vinculaci\u00f3n de documentos, pases y consultas de expedientes electr\u00f3nicos.<\/p>\n<p>En la Municipalidad de San Pedro se comenzar\u00e1 a utilizar GDE a partir del 6 de junio con el m\u00f3dulo Comunicaciones Oficiales para todas las \u00e1reas y dependencias (lo que reemplazar\u00e1 el uso de Notas firmadas de pu\u00f1o y letra, por las generadas a trav\u00e9s de GDE firmadas con certificado digital) y con GEDO y Expediente Electr\u00f3nico en alrededor de 20 tr\u00e1mites de las \u00e1reas de Rentas y Personal. Esto reducir\u00e1 la circulaci\u00f3n y utilizaci\u00f3n de papel, ampliar\u00e1 el acceso a toda la informaci\u00f3n desde cada punto interesado y especialmente simplificar\u00e1 muchos tr\u00e1mites brindando celeridad y seguridad en los documentos oficiales.<\/p>\n","protected":false},"excerpt":{"rendered":"<p>La Municipalidad de San Pedro informa que del martes 29 al jueves 31 de mayo se brindar\u00e1n capacitaciones al personal municipal para la implementaci\u00f3n del Sistema GDE (Gesti\u00f3n Documental Electr\u00f3nica). La Direcci\u00f3n de Modernizaci\u00f3n est\u00e1 llevando adelante junto al equipo del Ministerio de Modernizaci\u00f3n, el proyecto de implementaci\u00f3n de esta valiosa herramienta para toda la [&hellip;]<\/p>\n","protected":false},"author":4,"featured_media":33796,"comment_status":"open","ping_status":"closed","sticky":false,"template":"","format":"standard","meta":{"om_disable_all_campaigns":false,"_jetpack_memberships_contains_paid_content":false,"footnotes":""},"categories":[101,2],"tags":[],"class_list":["post-33795","post","type-post","status-publish","format-standard","has-post-thumbnail","hentry","category-interes-general-locales","category-locales"],"aioseo_notices":[],"gutentor_comment":0,"jetpack_featured_media_url":"https:\/\/eldiariodesanpedro.com.ar\/sitio\/wp-content\/uploads\/2018\/05\/gde2018123.jpg","jetpack_shortlink":"https:\/\/wp.me\/p6RhLt-8N5","jetpack_sharing_enabled":true,"_links":{"self":[{"href":"https:\/\/eldiariodesanpedro.com.ar\/sitio\/wp-json\/wp\/v2\/posts\/33795","targetHints":{"allow":["GET"]}}],"collection":[{"href":"https:\/\/eldiariodesanpedro.com.ar\/sitio\/wp-json\/wp\/v2\/posts"}],"about":[{"href":"https:\/\/eldiariodesanpedro.com.ar\/sitio\/wp-json\/wp\/v2\/types\/post"}],"author":[{"embeddable":true,"href":"https:\/\/eldiariodesanpedro.com.ar\/sitio\/wp-json\/wp\/v2\/users\/4"}],"replies":[{"embeddable":true,"href":"https:\/\/eldiariodesanpedro.com.ar\/sitio\/wp-json\/wp\/v2\/comments?post=33795"}],"version-history":[{"count":1,"href":"https:\/\/eldiariodesanpedro.com.ar\/sitio\/wp-json\/wp\/v2\/posts\/33795\/revisions"}],"predecessor-version":[{"id":33797,"href":"https:\/\/eldiariodesanpedro.com.ar\/sitio\/wp-json\/wp\/v2\/posts\/33795\/revisions\/33797"}],"wp:featuredmedia":[{"embeddable":true,"href":"https:\/\/eldiariodesanpedro.com.ar\/sitio\/wp-json\/wp\/v2\/media\/33796"}],"wp:attachment":[{"href":"https:\/\/eldiariodesanpedro.com.ar\/sitio\/wp-json\/wp\/v2\/media?parent=33795"}],"wp:term":[{"taxonomy":"category","embeddable":true,"href":"https:\/\/eldiariodesanpedro.com.ar\/sitio\/wp-json\/wp\/v2\/categories?post=33795"},{"taxonomy":"post_tag","embeddable":true,"href":"https:\/\/eldiariodesanpedro.com.ar\/sitio\/wp-json\/wp\/v2\/tags?post=33795"}],"curies":[{"name":"wp","href":"https:\/\/api.w.org\/{rel}","templated":true}]}}