{"id":33793,"date":"2018-05-28T09:39:19","date_gmt":"2018-05-28T12:39:19","guid":{"rendered":"https:\/\/eldiariodesanpedro.com.ar\/sitio\/?p=33793"},"modified":"2018-05-28T09:39:19","modified_gmt":"2018-05-28T12:39:19","slug":"ingresaran-dos-nuevos-buques-al-puerto-local","status":"publish","type":"post","link":"https:\/\/eldiariodesanpedro.com.ar\/sitio\/ingresaran-dos-nuevos-buques-al-puerto-local\/","title":{"rendered":"Ingresaran dos nuevos buques al puerto local"},"content":{"rendered":"<p><!-- VideographyWP Plugin Message: Automatic video embedding prevented by plugin options. --><br \/>\nDesde el Consorcio de Gesti\u00f3n del Puerto San Pedro se comunic\u00f3 el arribo de dos buques.<\/p>\n<p>El primero denominado \u201cNorth Star\u201d el pr\u00f3ximo martes 29 de mayo, de bandera Islas Marshall, ingresara en el puerto local.<br \/>\nEl barco de 179,95 metros de eslora, con procedencia de Uruguay y operar\u00e1 en el muelle elevador, en donde cargar\u00e1 13200 toneladas de arroz aproximadamente con destino a M\u00e9xico.<\/p>\n<p>El otro por su parte denominado \u201cBaltic Patriot\u201d el pr\u00f3ximo martes 29 de mayo, de bandera Liberia, ingresara en el puerto local.<br \/>\nEl barco de 150,01 metros de eslora, con procedencia de Surinam y operar\u00e1 en el muelle cabecera, en donde cargar\u00e1 460 pallets de c\u00edtricos aproximadamente con destino a Rusia.<\/p>\n","protected":false},"excerpt":{"rendered":"<p>Desde el Consorcio de Gesti\u00f3n del Puerto San Pedro se comunic\u00f3 el arribo de dos buques. El primero denominado \u201cNorth Star\u201d el pr\u00f3ximo martes 29 de mayo, de bandera Islas Marshall, ingresara en el puerto local. El barco de 179,95 metros de eslora, con procedencia de Uruguay y operar\u00e1 en el muelle elevador, en donde [&hellip;]<\/p>\n","protected":false},"author":4,"featured_media":9126,"comment_status":"open","ping_status":"closed","sticky":false,"template":"","format":"standard","meta":{"om_disable_all_campaigns":false,"_jetpack_memberships_contains_paid_content":false,"footnotes":""},"categories":[101,2],"tags":[],"class_list":["post-33793","post","type-post","status-publish","format-standard","has-post-thumbnail","hentry","category-interes-general-locales","category-locales"],"aioseo_notices":[],"gutentor_comment":0,"jetpack_featured_media_url":"https:\/\/eldiariodesanpedro.com.ar\/sitio\/wp-content\/uploads\/2016\/10\/puerto.jpg","jetpack_shortlink":"https:\/\/wp.me\/p6RhLt-8N3","jetpack_sharing_enabled":true,"_links":{"self":[{"href":"https:\/\/eldiariodesanpedro.com.ar\/sitio\/wp-json\/wp\/v2\/posts\/33793","targetHints":{"allow":["GET"]}}],"collection":[{"href":"https:\/\/eldiariodesanpedro.com.ar\/sitio\/wp-json\/wp\/v2\/posts"}],"about":[{"href":"https:\/\/eldiariodesanpedro.com.ar\/sitio\/wp-json\/wp\/v2\/types\/post"}],"author":[{"embeddable":true,"href":"https:\/\/eldiariodesanpedro.com.ar\/sitio\/wp-json\/wp\/v2\/users\/4"}],"replies":[{"embeddable":true,"href":"https:\/\/eldiariodesanpedro.com.ar\/sitio\/wp-json\/wp\/v2\/comments?post=33793"}],"version-history":[{"count":1,"href":"https:\/\/eldiariodesanpedro.com.ar\/sitio\/wp-json\/wp\/v2\/posts\/33793\/revisions"}],"predecessor-version":[{"id":33794,"href":"https:\/\/eldiariodesanpedro.com.ar\/sitio\/wp-json\/wp\/v2\/posts\/33793\/revisions\/33794"}],"wp:featuredmedia":[{"embeddable":true,"href":"https:\/\/eldiariodesanpedro.com.ar\/sitio\/wp-json\/wp\/v2\/media\/9126"}],"wp:attachment":[{"href":"https:\/\/eldiariodesanpedro.com.ar\/sitio\/wp-json\/wp\/v2\/media?parent=33793"}],"wp:term":[{"taxonomy":"category","embeddable":true,"href":"https:\/\/eldiariodesanpedro.com.ar\/sitio\/wp-json\/wp\/v2\/categories?post=33793"},{"taxonomy":"post_tag","embeddable":true,"href":"https:\/\/eldiariodesanpedro.com.ar\/sitio\/wp-json\/wp\/v2\/tags?post=33793"}],"curies":[{"name":"wp","href":"https:\/\/api.w.org\/{rel}","templated":true}]}}